{"id":80957,"date":"2019-03-27T14:35:21","date_gmt":"2019-03-27T14:35:21","guid":{"rendered":"http:\/\/plazajuarez.mx\/index\/index.php\/2019\/03\/27\/indocumentado-pierde-las-piernas-luego-de-ser-arrollado-por-tren\/"},"modified":"2019-03-27T14:35:21","modified_gmt":"2019-03-27T14:35:21","slug":"indocumentado-pierde-las-piernas-luego-de-ser-arrollado-por-tren","status":"publish","type":"post","link":"https:\/\/plazajuarez.mx\/historico\/indocumentado-pierde-las-piernas-luego-de-ser-arrollado-por-tren\/","title":{"rendered":"INDOCUMENTADO PIERDE LAS PIERNAS LUEGO DE SER ARROLLADO POR TREN"},"content":{"rendered":"<p>NUEVO LE\u00d3N<\/p>\n<p>  <!--more-->  <\/p>\n<p>Un indocumentado salvadore\u00f1o sufri\u00f3 amputaci\u00f3n de sus piernas al ser arrollado por un tren que intentaba abordar.<br \/>El percance ocurri\u00f3 a la altura del kil\u00f3metro 34 de carretera Monterrey-Monclova, en jurisdicci\u00f3n del municipio de Mina, report\u00f3 la central de radio de Ferromex.<br \/>Personal de auxilio realiz\u00f3 labores de b\u00fasqueda y pudieron localizar a un masculino con amputaci\u00f3n de ambas piernas, una desde abajo de la rodilla y otra a la altura del tobillo.<br \/>El salvadore\u00f1o Jos\u00e9 Samuel Hern\u00e1ndez Romero, de 33 a\u00f1os, fue atendido por Protecci\u00f3n Civil y se le traslad\u00f3 al Hospital Universitario.<br \/>Seis heridos por choque entre ambulancia y unidad de transporte urbano<br \/>La ma\u00f1ana de este martes, una ambulancia de Emergencias M\u00e9dicas choc\u00f3 con un cami\u00f3n del transporte urbano de la Ruta 218, lo que dej\u00f3 saldo de seis lesionados, que fueron trasladados a distintos hospitales.<br \/>El accidente fue en cruce de avenidas Adolfo Ruiz Cortines y Adolfo L\u00f3pez Mateos, colonia Jardines de San Rafael, de Guadalupe.<br \/>Los heridos fueron identificados como Ra\u00fal Fernando Carrizales Banda, de 35 a\u00f1os; Eliel Gerardo Gonz\u00e1lez Paredes; Luis Antonio Navarro; Perla Jazm\u00edn Barr\u00f3n Charles, Liliana Guadalupe Covarrubias Ch\u00e1vez y una persona no identificada.<\/p>\n","protected":false},"excerpt":{"rendered":"<p>NUEVO LE\u00d3N<\/p>\n","protected":false},"author":93,"featured_media":0,"comment_status":"open","ping_status":"open","sticky":false,"template":"","format":"standard","meta":{"footnotes":""},"categories":[37],"tags":[],"class_list":["post-80957","post","type-post","status-publish","format-standard","hentry","category-barandilla"],"_links":{"self":[{"href":"https:\/\/plazajuarez.mx\/historico\/wp-json\/wp\/v2\/posts\/80957","targetHints":{"allow":["GET"]}}],"collection":[{"href":"https:\/\/plazajuarez.mx\/historico\/wp-json\/wp\/v2\/posts"}],"about":[{"href":"https:\/\/plazajuarez.mx\/historico\/wp-json\/wp\/v2\/types\/post"}],"author":[{"embeddable":true,"href":"https:\/\/plazajuarez.mx\/historico\/wp-json\/wp\/v2\/users\/93"}],"replies":[{"embeddable":true,"href":"https:\/\/plazajuarez.mx\/historico\/wp-json\/wp\/v2\/comments?post=80957"}],"version-history":[{"count":0,"href":"https:\/\/plazajuarez.mx\/historico\/wp-json\/wp\/v2\/posts\/80957\/revisions"}],"wp:attachment":[{"href":"https:\/\/plazajuarez.mx\/historico\/wp-json\/wp\/v2\/media?parent=80957"}],"wp:term":[{"taxonomy":"category","embeddable":true,"href":"https:\/\/plazajuarez.mx\/historico\/wp-json\/wp\/v2\/categories?post=80957"},{"taxonomy":"post_tag","embeddable":true,"href":"https:\/\/plazajuarez.mx\/historico\/wp-json\/wp\/v2\/tags?post=80957"}],"curies":[{"name":"wp","href":"https:\/\/api.w.org\/{rel}","templated":true}]}}