{"id":8077,"date":"2015-07-15T05:00:00","date_gmt":"2015-07-15T05:00:00","guid":{"rendered":"http:\/\/plazajuarez.mx\/index\/index.php\/2015\/07\/15\/tenoch-huerta-alista-pelicula\/"},"modified":"2015-07-15T05:00:00","modified_gmt":"2015-07-15T05:00:00","slug":"tenoch-huerta-alista-pelicula","status":"publish","type":"post","link":"https:\/\/plazajuarez.mx\/historico\/tenoch-huerta-alista-pelicula\/","title":{"rendered":"Tenoch Huerta alista pel\u00edcula"},"content":{"rendered":"<p>El actor mexicano Tenoch Huerta, quien ser\u00e1 jurado en el Festival Internacional de Cine de Guanajuato (GIFF), inform\u00f3 que ser\u00e1 en agosto o septiembre de 2015 cuando comience el rodaje de la pel\u00edcula &#8216;Vive por M\u00ed&#8217;, cuya tem\u00e1tica gira en torno a la donaci\u00f3n de \u00f3rganos en M\u00e9xico.<\/p>\n<p>  <!--more-->  <\/p>\n<p>\u00a0<\/p>\n<p>Huerta detall\u00f3 que se trata de una coproducci\u00f3n entre M\u00e9xico y Espa\u00f1a, la dirigir\u00e1 el espa\u00f1ol Chema de la Pe\u00f1a y tendr\u00e1 como locaciones el Distrito Federal y la Zona Metropolitana.<\/p>\n<p>&#8220;Son varias historias que se entrelazan, son las vivencias de un grupo de personas que est\u00e1n esperando un trasplante de ri\u00f1\u00f3n. Mi personaje tiene &#8216;ondillas&#8217; con la mam\u00e1 de una de estas chicas que est\u00e1 a la espera de un trasplante&#8221;, coment\u00f3 el joven actor, cuyo trabajo en la cinta &#8216;No se Recargue en las Puertas&#8217; puede apreciarse en el 35 Foro Internacional de la Cineteca.<\/p>\n<p>Previo a iniciar el rodaje de esta cinta, cuyo periodo de filmaci\u00f3n ser\u00e1 de dos meses, el protagonista de pel\u00edculas como &#8216;G\u00fceros&#8217; y &#8216;Sin Nombre&#8217; comparti\u00f3 que paralelo a su participaci\u00f3n como juez en el GIFF, impartir\u00e1 por segunda ocasi\u00f3n un taller, actividad que le gusta mucho desarrollar.<\/p>\n","protected":false},"excerpt":{"rendered":"<p>El actor mexicano Tenoch Huerta, quien ser\u00e1 jurado en el Festival Internacional de Cine de Guanajuato (GIFF), inform\u00f3 que ser\u00e1 en agosto o septiembre de 2015 cuando comience el rodaje de la pel\u00edcula &#8216;Vive por M\u00ed&#8217;, cuya tem\u00e1tica gira en torno a la donaci\u00f3n de \u00f3rganos en M\u00e9xico.<\/p>\n","protected":false},"author":93,"featured_media":0,"comment_status":"open","ping_status":"open","sticky":false,"template":"","format":"standard","meta":{"footnotes":""},"categories":[38],"tags":[],"class_list":["post-8077","post","type-post","status-publish","format-standard","hentry","category-show"],"_links":{"self":[{"href":"https:\/\/plazajuarez.mx\/historico\/wp-json\/wp\/v2\/posts\/8077","targetHints":{"allow":["GET"]}}],"collection":[{"href":"https:\/\/plazajuarez.mx\/historico\/wp-json\/wp\/v2\/posts"}],"about":[{"href":"https:\/\/plazajuarez.mx\/historico\/wp-json\/wp\/v2\/types\/post"}],"author":[{"embeddable":true,"href":"https:\/\/plazajuarez.mx\/historico\/wp-json\/wp\/v2\/users\/93"}],"replies":[{"embeddable":true,"href":"https:\/\/plazajuarez.mx\/historico\/wp-json\/wp\/v2\/comments?post=8077"}],"version-history":[{"count":0,"href":"https:\/\/plazajuarez.mx\/historico\/wp-json\/wp\/v2\/posts\/8077\/revisions"}],"wp:attachment":[{"href":"https:\/\/plazajuarez.mx\/historico\/wp-json\/wp\/v2\/media?parent=8077"}],"wp:term":[{"taxonomy":"category","embeddable":true,"href":"https:\/\/plazajuarez.mx\/historico\/wp-json\/wp\/v2\/categories?post=8077"},{"taxonomy":"post_tag","embeddable":true,"href":"https:\/\/plazajuarez.mx\/historico\/wp-json\/wp\/v2\/tags?post=8077"}],"curies":[{"name":"wp","href":"https:\/\/api.w.org\/{rel}","templated":true}]}}