{"id":8075,"date":"2015-07-15T05:00:00","date_gmt":"2015-07-15T05:00:00","guid":{"rendered":"http:\/\/plazajuarez.mx\/index\/index.php\/2015\/07\/15\/futbol-nacional-154\/"},"modified":"2015-07-15T05:00:00","modified_gmt":"2015-07-15T05:00:00","slug":"futbol-nacional-154","status":"publish","type":"post","link":"https:\/\/plazajuarez.mx\/historico\/futbol-nacional-154\/","title":{"rendered":"Futbol Nacional"},"content":{"rendered":"<p>COPA LIBERTADORES<br \/>Tigres, a rugir ante el Inter de Porto Alegre<br \/>\u2022\u00a0\u00a0 \u00a0Hoy a las 20 horas <\/p>\n<p>  <!--more-->  <\/p>\n<p>Una eternidad aguardaron este instante, por lo que afilaron a\u00fan m\u00e1s sus ya de por s\u00ed peligrosos colmillos. Hoy\u00a0 por la noche, en el estadio Beira R\u00edo, de Porto Alegre, los Tigres jugar\u00e1n su primer encuentro de semifinales en una Copa Libertadores&#8230; Y planean sacar ventaja. <br \/>Est\u00e1n conscientes de que las fases definitorias del certamen continental son el h\u00e1bitat del Internacional, mas apelan a su hambre de gloria y ese plantel fuertemente apuntalado para el actual semestre. <br \/>Pese a que el atacante nigeriano Ikechukwu Uche no viaj\u00f3 a Brasil por una lesi\u00f3n en la rodilla izquierda, Ricardo Ferretti podr\u00eda presentar a tres de sus \u2018Cuatro Fant\u00e1sticos\u2019: el delantero franc\u00e9s Andr\u00e9-Pierre Gignac, as\u00ed como los volantes mexicanos J\u00fcrgen Damm y Javier Aquino. <br \/>\u201c[El Internacional] es un equipo que ya fue campe\u00f3n de Libertadores dos veces, est\u00e1 en pleno torneo, con ritmo\u201d, recuerda Alejandro Rodr\u00edguez, presidente de los felinos, entrevistado v\u00eda telef\u00f3nica. \u201cAunque en el \u2018Brasileirao\u2019 va duod\u00e9cimo, es un conjunto siempre muy copero, as\u00ed es que es peligroso un club que ya est\u00e1 en semifinales, sea de la nacionalidad que sea y el palmar\u00e9s que tenga\u201d.<br \/>\u201cHay cuatro equipos con las mismas posibilidades de levantar la Copa. Iremos a ganar\u201d. <br \/>Para intentar tener un cotejo de vuelta menos complicado, el siguiente mi\u00e9rcoles en el estadio Universitario. <br \/>Son el cuarto equipo de la hoy llamada Liga MX que alcanza la ronda de los cuatro en la Libertadores. Quieren emular al Cruz Azul y el Guadalajara, que disputaron la serie por el t\u00edtulo en 2001 y 2010, respectivamente. El Am\u00e9rica ha jugado tres semifinales (2000, 2002 y 2008). Perdi\u00f3 todas. <br \/>Amarga historia que los norte\u00f1os no desean repetir. De paso, buscan ser la primera instituci\u00f3n mexicana que deja en el camino a una brasile\u00f1a en esta instancia. Las \u00c1guilas sucumbieron frente al Sao Caetano (2002), mientras que las Chivas con el Atl\u00e9tico Paranaense (2005) y el Sao Paulo (2006). <\/p>\n<p>\u201cNos llena de orgullo que muchos amigos nos han comentado que, en este torneo de Libertadores, representamos al pa\u00eds y vamos a tratar de hacer el mejor papel posible\u201d, advierte el directivo de los Tigres, quienes jugar\u00e1n su primer partido oficial desde el 16 de mayo, cuando fueron eliminados por el Santos Laguna en los cuartos de final del Clausura 2015. <br \/>**<br \/>Cruz Azul no le llegar\u00eda al precio a Daniel Osvaldo<\/p>\n<p>Importantes diferencias entre lo que Pablo Daniel Osvaldo quiere percibir y lo ofrecido por el Cruz Azul tienen la negociaci\u00f3n a punto de caerse. <\/p>\n<p>Pese a que el delantero \u00edtalo-argentino llegar\u00eda a La M\u00e1quina como jugador libre, todo parece indicar que no habr\u00e1 arreglo, por lo que el club deber\u00e1 buscar a otro delantero. <br \/>***<\/p>\n<p>Analiza la M\u00e1quina dejar fuera a Santa Cruz<\/p>\n<p>La Directiva y el Cuerpo T\u00e9cnico de Cruz Azul, que encabeza Sergio Bueno, analizan la posibilidad de no registrar al delantero Roque Santa Cruz para el Apertura 2015.<\/p>\n<p>El paraguayo, quien se integr\u00f3 ayer al equipo cementero, fue sometido a una resonancia magn\u00e9tica para conocer la magnitud del desgarro que sufri\u00f3 en el muslo derecho durante su participaci\u00f3n en la Copa Am\u00e9rica.<\/p>\n<p>Sin embargo, el delantero ser\u00e1 revisado tambi\u00e9n por el m\u00e9dico de Chivas, Rafael Ortega, para tener una segunda opini\u00f3n y as\u00ed poder determinar si ser\u00e1 registrado o no de acuerdo al tiempo que tarde en recuperarse.<\/p>\n<p>El cuerpo m\u00e9dico de La M\u00e1quina buscar\u00e1 a toda costa que el jugador evite la intervenci\u00f3n quir\u00fargica.<br \/>**<\/p>\n<p>EN PANAMERICANOS<br \/>M\u00e9xico derrota 3-1 a Argentina\u00a0\u00a0 \u00a0<\/p>\n<p>La Selecci\u00f3n Mexicana de Futbol Femenil derrot\u00f3 ayer\u00a0 3-1 a su similar de Argentina en el marco de los Juegos Panamericanos Toronto 2015. <\/p>\n<p>En partido que se jug\u00f3 en el estadio Hamilton CIBC las mexicanas ten\u00edan la obligaci\u00f3n de ganar tras perder ante Colombia en su primer partido. <\/p>\n<p>El Tri femenil pr\u00e1cticamente inici\u00f3 el encuentro gan\u00e1ndolo pues al minuto 1 Teresa Noyol marc\u00f3 el tanto de la quiniela, al 71 Nayeli Rangel puso el segundo a pase de M\u00f3nica Ocampo y Jenny Ruiz al 76 cerr\u00f3 la cuenta mediante un tiro de derecha. <\/p>\n<p>Argentina descont\u00f3 hasta el minuto 83 a trav\u00e9s de Florencia Bonsegundo. <br \/>As\u00ed M\u00e9xico obtiene sus primeros tres puntos y Argentina se queda con 1. <\/p>\n","protected":false},"excerpt":{"rendered":"<p>COPA LIBERTADORESTigres, a rugir ante el Inter de Porto Alegre\u2022\u00a0\u00a0 \u00a0Hoy a las 20 horas<\/p>\n","protected":false},"author":93,"featured_media":0,"comment_status":"open","ping_status":"open","sticky":false,"template":"","format":"standard","meta":{"footnotes":""},"categories":[39],"tags":[],"class_list":["post-8075","post","type-post","status-publish","format-standard","hentry","category-deportiva"],"_links":{"self":[{"href":"https:\/\/plazajuarez.mx\/historico\/wp-json\/wp\/v2\/posts\/8075","targetHints":{"allow":["GET"]}}],"collection":[{"href":"https:\/\/plazajuarez.mx\/historico\/wp-json\/wp\/v2\/posts"}],"about":[{"href":"https:\/\/plazajuarez.mx\/historico\/wp-json\/wp\/v2\/types\/post"}],"author":[{"embeddable":true,"href":"https:\/\/plazajuarez.mx\/historico\/wp-json\/wp\/v2\/users\/93"}],"replies":[{"embeddable":true,"href":"https:\/\/plazajuarez.mx\/historico\/wp-json\/wp\/v2\/comments?post=8075"}],"version-history":[{"count":0,"href":"https:\/\/plazajuarez.mx\/historico\/wp-json\/wp\/v2\/posts\/8075\/revisions"}],"wp:attachment":[{"href":"https:\/\/plazajuarez.mx\/historico\/wp-json\/wp\/v2\/media?parent=8075"}],"wp:term":[{"taxonomy":"category","embeddable":true,"href":"https:\/\/plazajuarez.mx\/historico\/wp-json\/wp\/v2\/categories?post=8075"},{"taxonomy":"post_tag","embeddable":true,"href":"https:\/\/plazajuarez.mx\/historico\/wp-json\/wp\/v2\/tags?post=8075"}],"curies":[{"name":"wp","href":"https:\/\/api.w.org\/{rel}","templated":true}]}}