{"id":80734,"date":"2019-03-22T15:09:59","date_gmt":"2019-03-22T15:09:59","guid":{"rendered":"http:\/\/plazajuarez.mx\/index\/index.php\/2019\/03\/22\/considero-al-loco-valdes-un-amigo-un-conocido-cristian-castro\/"},"modified":"2019-03-22T15:09:59","modified_gmt":"2019-03-22T15:09:59","slug":"considero-al-loco-valdes-un-amigo-un-conocido-cristian-castro","status":"publish","type":"post","link":"https:\/\/plazajuarez.mx\/historico\/considero-al-loco-valdes-un-amigo-un-conocido-cristian-castro\/","title":{"rendered":"Considero al &#8220;Loco&#8221; Vald\u00e9s un amigo, un conocido: Cristian Castro"},"content":{"rendered":"<p>El cantante habla sobre su ni\u00f1ez y la ausencia de una figura paterna en su vida<\/p>\n<p>  <!--more-->  <\/p>\n<p>En entrevista para &#8220;Suelta la Sopa&#8221;, el Cristian Castro afirm\u00f3 que esa ausencia de Manuel &#8220;El Loco&#8221; Vald\u00e9s no la resinti\u00f3 tanto porque estuvo junto a sus t\u00edos.<br \/>&#8220;Mis t\u00edos remplazaron un poquito la idea de pap\u00e1, no se sinti\u00f3 tanto esa ausencia, esa tristeza que s\u00ed es grande&#8221;, dijo.<br \/>El hijo de Ver\u00f3nica Castro admiti\u00f3 que debido a que no convivi\u00f3 con su pap\u00e1, el cari\u00f1o que siente por \u00e9l es como el que se le tiene a un amigo o a un conocido.<br \/>&#8220;Yo no crec\u00ed con mi pap\u00e1 penosamente, tristemente; me da mucho gusto ser el producto de ese romance y la verdad le agradezco tanto a Dios ser hijo de mi pap\u00e1, sin embargo lo considero un amigo, un conocido, no lo puedo considerar tanto ese padre porque no lo sent\u00ed&#8221;, confes\u00f3.<br \/>Sobre la crisis de salud por la que atraves\u00f3 hace unas semanas el &#8220;Loco&#8221; Vald\u00e9s, Cristian puntualiz\u00f3 que el inter\u00e9s por \u00e9l existe, pero no es tanto como el que tiene por su madre.<br \/>&#8220;Ya crec\u00ed, ya es un poquito tarde, mi atenci\u00f3n hacia \u00e9l no es tanta como obviamente lo es hacia todo el mundo de mi mam\u00e1&#8221;. &#8220;Le pido una disculpa si es que hay que pedirla pero en realidad me preocupa mucho su salud, quiero que la vida lo deje vivir mucho&#8221;.<br \/>El int\u00e9rprete mencion\u00f3 que a pesar de toda la relaci\u00f3n que tiene con su pap\u00e1 es buena, pero sin &#8220;dramas&#8221;, ya que eso le molestar\u00eda al &#8220;Loco&#8221; Vald\u00e9s.<br \/>&#8220;Estamos bien, ya tuvimos un di\u00e1logo, tuvimos experiencias juntos de ir juntos al futbol, no se necesite que estemos pegados, dramatizando una cosa que a \u00e9l no le gustar\u00eda que yo dramatizara&#8221;, finaliz\u00f3.<\/p>\n","protected":false},"excerpt":{"rendered":"<p>El cantante habla sobre su ni\u00f1ez y la ausencia de una figura paterna en su vida<\/p>\n","protected":false},"author":93,"featured_media":0,"comment_status":"open","ping_status":"open","sticky":false,"template":"","format":"standard","meta":{"footnotes":""},"categories":[38],"tags":[],"class_list":["post-80734","post","type-post","status-publish","format-standard","hentry","category-show"],"_links":{"self":[{"href":"https:\/\/plazajuarez.mx\/historico\/wp-json\/wp\/v2\/posts\/80734","targetHints":{"allow":["GET"]}}],"collection":[{"href":"https:\/\/plazajuarez.mx\/historico\/wp-json\/wp\/v2\/posts"}],"about":[{"href":"https:\/\/plazajuarez.mx\/historico\/wp-json\/wp\/v2\/types\/post"}],"author":[{"embeddable":true,"href":"https:\/\/plazajuarez.mx\/historico\/wp-json\/wp\/v2\/users\/93"}],"replies":[{"embeddable":true,"href":"https:\/\/plazajuarez.mx\/historico\/wp-json\/wp\/v2\/comments?post=80734"}],"version-history":[{"count":0,"href":"https:\/\/plazajuarez.mx\/historico\/wp-json\/wp\/v2\/posts\/80734\/revisions"}],"wp:attachment":[{"href":"https:\/\/plazajuarez.mx\/historico\/wp-json\/wp\/v2\/media?parent=80734"}],"wp:term":[{"taxonomy":"category","embeddable":true,"href":"https:\/\/plazajuarez.mx\/historico\/wp-json\/wp\/v2\/categories?post=80734"},{"taxonomy":"post_tag","embeddable":true,"href":"https:\/\/plazajuarez.mx\/historico\/wp-json\/wp\/v2\/tags?post=80734"}],"curies":[{"name":"wp","href":"https:\/\/api.w.org\/{rel}","templated":true}]}}