{"id":80733,"date":"2019-03-22T15:09:46","date_gmt":"2019-03-22T15:09:46","guid":{"rendered":"http:\/\/plazajuarez.mx\/index\/index.php\/2019\/03\/22\/roma-favorita-en-los-premios-platino-con-nueve-nominaciones\/"},"modified":"2019-03-22T15:09:46","modified_gmt":"2019-03-22T15:09:46","slug":"roma-favorita-en-los-premios-platino-con-nueve-nominaciones","status":"publish","type":"post","link":"https:\/\/plazajuarez.mx\/historico\/roma-favorita-en-los-premios-platino-con-nueve-nominaciones\/","title":{"rendered":"&#8220;Roma&#8221;, favorita en los Premios Platino con nueve nominaciones"},"content":{"rendered":"<p>La cinta de Alfonso Cuar\u00f3n se enfrentar\u00e1 a producciones como &#8220;Campeones&#8221;, &#8220;La Noche de 12 a\u00f1os&#8221; y &#8220;P\u00e1jaros de Verano&#8221;<\/p>\n<p>  <!--more-->  <\/p>\n<p>La pel\u00edcula mexicana &#8220;Roma&#8221;, parte como la gran favorita en la sexta edici\u00f3n de los Premios Platino con un total de nueve nominaciones, mientras que la hispano-uruguaya &#8220;La noche de 12 a\u00f1os&#8221; y la colombiana &#8220;P\u00e1jaros de verano&#8221; sumaron seis cada una.<br \/>El filme espa\u00f1ol &#8220;Campeones&#8221; obtuvo cinco candidaturas, las mismas que la cinta paraguaya &#8220;Las herederas&#8221;, seg\u00fan se anunci\u00f3 en una conferencia de prensa celebrada en el hotel Roosevelt, de Los \u00c1ngeles.<br \/>&#8220;Campeones&#8221;, &#8220;Roma&#8221;, &#8220;La Noche de 12 A\u00f1os&#8221; y &#8220;P\u00e1jaros de Verano&#8221; luchar\u00e1n por el premio de Mejor Pel\u00edcula iberoamericana de ficci\u00f3n y sus directores -Javier Fesser, Cuar\u00f3n, \u00c1lvaro Brechner y Cristina Gallego y Ciro Guerra, respectivamente- optar\u00e1n al galard\u00f3n de Mejor Direcci\u00f3n.<br \/>Ana Brun (&#8220;Las herederas&#8221;), Marina de Tavira (&#8220;Roma&#8221;), Pen\u00e9lope Cruz (&#8220;Todos lo Saben&#8221;) y Yalitza Aparicio (&#8220;Roma&#8221;) pujar\u00e1n por el trofeo a la mejor interpretaci\u00f3n femenina, y Antonio de la Torre (&#8220;El reino&#8221;), Javier Bardem (&#8220;Todos lo saben&#8221;), Javier Guti\u00e9rrez (&#8220;Campeones&#8221;) y Lorenzo Ferro (&#8220;El \u00e1ngel&#8221;) har\u00e1n lo propio en la categor\u00eda masculina.<br \/>Alfonso Cuar\u00f3n y &#8220;Roma&#8221; tambi\u00e9n competir\u00e1n en la categor\u00eda de mejor guion, donde se medir\u00e1n a \u00c1lvaro Brechner (&#8220;La noche de 12 a\u00f1os&#8221;), David Marqu\u00e9s y Javier Fesser (&#8220;Campeones&#8221;) y Marcelo Martinessi (&#8220;Las Herederas&#8221;).<br \/>El cineasta mexicano tambi\u00e9n aspira a hacerse los galardones al Mejor Montaje y a la Mejor Fotograf\u00eda.<\/p>\n<p><\/p>\n","protected":false},"excerpt":{"rendered":"<p>La cinta de Alfonso Cuar\u00f3n se enfrentar\u00e1 a producciones como &#8220;Campeones&#8221;, &#8220;La Noche de 12 a\u00f1os&#8221; y &#8220;P\u00e1jaros de Verano&#8221;<\/p>\n","protected":false},"author":93,"featured_media":0,"comment_status":"open","ping_status":"open","sticky":false,"template":"","format":"standard","meta":{"footnotes":""},"categories":[38],"tags":[],"class_list":["post-80733","post","type-post","status-publish","format-standard","hentry","category-show"],"_links":{"self":[{"href":"https:\/\/plazajuarez.mx\/historico\/wp-json\/wp\/v2\/posts\/80733","targetHints":{"allow":["GET"]}}],"collection":[{"href":"https:\/\/plazajuarez.mx\/historico\/wp-json\/wp\/v2\/posts"}],"about":[{"href":"https:\/\/plazajuarez.mx\/historico\/wp-json\/wp\/v2\/types\/post"}],"author":[{"embeddable":true,"href":"https:\/\/plazajuarez.mx\/historico\/wp-json\/wp\/v2\/users\/93"}],"replies":[{"embeddable":true,"href":"https:\/\/plazajuarez.mx\/historico\/wp-json\/wp\/v2\/comments?post=80733"}],"version-history":[{"count":0,"href":"https:\/\/plazajuarez.mx\/historico\/wp-json\/wp\/v2\/posts\/80733\/revisions"}],"wp:attachment":[{"href":"https:\/\/plazajuarez.mx\/historico\/wp-json\/wp\/v2\/media?parent=80733"}],"wp:term":[{"taxonomy":"category","embeddable":true,"href":"https:\/\/plazajuarez.mx\/historico\/wp-json\/wp\/v2\/categories?post=80733"},{"taxonomy":"post_tag","embeddable":true,"href":"https:\/\/plazajuarez.mx\/historico\/wp-json\/wp\/v2\/tags?post=80733"}],"curies":[{"name":"wp","href":"https:\/\/api.w.org\/{rel}","templated":true}]}}