{"id":80513,"date":"2019-03-18T13:25:41","date_gmt":"2019-03-18T13:25:41","guid":{"rendered":"http:\/\/plazajuarez.mx\/index\/index.php\/2019\/03\/18\/inicia-el-segundo-dia-del-vive-latino-a-ritmo-de-mambo-y-reggae\/"},"modified":"2019-03-18T13:25:41","modified_gmt":"2019-03-18T13:25:41","slug":"inicia-el-segundo-dia-del-vive-latino-a-ritmo-de-mambo-y-reggae","status":"publish","type":"post","link":"https:\/\/plazajuarez.mx\/historico\/inicia-el-segundo-dia-del-vive-latino-a-ritmo-de-mambo-y-reggae\/","title":{"rendered":"Inicia el segundo d\u00eda del Vive Latino a ritmo de mambo y reggae"},"content":{"rendered":"<p>\u00a0\u00a0\u00a0 \u2022\u00a0\u00a0 \u00a0Uno de los momentos emotivos fue cuando la orquesta del &#8220;Rey del mambo&#8221;\u2028<\/p>\n<p>  <!--more-->  <\/p>\n<p>La orquesta de D\u00e1maso P\u00e9rez Prado, la banda de reggae, Rawayana, y el sonido del rock alternativo de The Inspector Cluzo, entre otras arrancaron el segundo y \u00faltimo d\u00eda del festival Vive Latino, el cual cumple 20 a\u00f1os.<br \/>Los acordes del mambo dieron la bienvenida, al escenario principal, a uno que otro chavo que movi\u00f3 el esqueleto con piezas cl\u00e1sica que hizo inmortal el llamado &#8220;Cara de Foca&#8221;, como &#8220;Mambo Afro&#8221;, Ruletero&#8221;, &#8220;Qu\u00e9 le pasa a Lupita&#8221;, entre otras piezas que hizo a la banda regresar a los a\u00f1os 50 cuando sus padres no dejaban de moverse.<br \/>Pero uno de los momentos emotivos fue cuando la orquesta del &#8220;Rey del mambo&#8221; subi\u00f3 al escenario a Santi de la banda Little Jesus quien interpret\u00f3 el tema de la pel\u00edcula &#8220;Roma&#8221;, &#8220;Coraz\u00f3n de mel\u00f3n&#8221;.<br \/>Sussie 4 y las mambolets aumentaron el calor y los \u00e1nimos de la banda rockera con la pieza m\u00e1s famosa de P\u00e9rez Prado, &#8220;El Mambo n\u00famero 5&#8221;.<br \/>&#8220;La Mega Bizocho&#8221;, Regina Orozco, subi\u00f3 al escenario y dio un consejo a la chaviza: &#8220;Oigan, consuman hidrop\u00f3nico, no la de los narcos, fumen, pero fumen de casa&#8221;, asegur\u00f3 para luego interpretara &#8220;Qui\u00e9n ser\u00e1&#8221;, pieza que no dejaron de bailar.<br \/>Rub\u00e9n Albarr\u00e1n, vocalista de Caf\u00e9 Tacvba, levant\u00f3 los gritos de los presentes madrugadores y junto con la Orquesta de P\u00e9rez Prado interpret\u00f3 el &#8220;Mambo Universitario&#8221;.<br \/>Mientras que en el escenario &#8220;Escena Indio&#8221; los venezolanos de Wayana calentaban el d\u00eda, el cual amaneci\u00f3 un poco fr\u00edo y nublado, pero poco a poco el sol tom\u00f3 energ\u00eda para brillar.<br \/>Por otro lado, los franceses de The Inspector Cluzo festejaban con los mexicanos su d\u00e9cimo aniversario y ofrecieron un buen repertorio de sus \u00e9xitos.<br \/>Y as\u00ed el segundo d\u00eda del Vive Latino dio inicio con mucha energ\u00eda y ritmo.<\/p>\n","protected":false},"excerpt":{"rendered":"<p>\u00a0\u00a0\u00a0 \u2022\u00a0\u00a0 \u00a0Uno de los momentos emotivos fue cuando la orquesta del &#8220;Rey del mambo&#8221;\u2028<\/p>\n","protected":false},"author":93,"featured_media":0,"comment_status":"open","ping_status":"open","sticky":false,"template":"","format":"standard","meta":{"footnotes":""},"categories":[38],"tags":[],"class_list":["post-80513","post","type-post","status-publish","format-standard","hentry","category-show"],"_links":{"self":[{"href":"https:\/\/plazajuarez.mx\/historico\/wp-json\/wp\/v2\/posts\/80513","targetHints":{"allow":["GET"]}}],"collection":[{"href":"https:\/\/plazajuarez.mx\/historico\/wp-json\/wp\/v2\/posts"}],"about":[{"href":"https:\/\/plazajuarez.mx\/historico\/wp-json\/wp\/v2\/types\/post"}],"author":[{"embeddable":true,"href":"https:\/\/plazajuarez.mx\/historico\/wp-json\/wp\/v2\/users\/93"}],"replies":[{"embeddable":true,"href":"https:\/\/plazajuarez.mx\/historico\/wp-json\/wp\/v2\/comments?post=80513"}],"version-history":[{"count":0,"href":"https:\/\/plazajuarez.mx\/historico\/wp-json\/wp\/v2\/posts\/80513\/revisions"}],"wp:attachment":[{"href":"https:\/\/plazajuarez.mx\/historico\/wp-json\/wp\/v2\/media?parent=80513"}],"wp:term":[{"taxonomy":"category","embeddable":true,"href":"https:\/\/plazajuarez.mx\/historico\/wp-json\/wp\/v2\/categories?post=80513"},{"taxonomy":"post_tag","embeddable":true,"href":"https:\/\/plazajuarez.mx\/historico\/wp-json\/wp\/v2\/tags?post=80513"}],"curies":[{"name":"wp","href":"https:\/\/api.w.org\/{rel}","templated":true}]}}