{"id":80512,"date":"2019-03-18T13:25:44","date_gmt":"2019-03-18T13:25:44","guid":{"rendered":"http:\/\/plazajuarez.mx\/index\/index.php\/2019\/03\/18\/los-estramboticos-ponen-a-saltar-a-la-gente-del-vive\/"},"modified":"2019-03-18T13:25:44","modified_gmt":"2019-03-18T13:25:44","slug":"los-estramboticos-ponen-a-saltar-a-la-gente-del-vive","status":"publish","type":"post","link":"https:\/\/plazajuarez.mx\/historico\/los-estramboticos-ponen-a-saltar-a-la-gente-del-vive\/","title":{"rendered":"Los Estramb\u00f3ticos ponen a saltar a la gente del Vive"},"content":{"rendered":"<p>\u00a0\u00a0\u00a0 \u2022\u00a0\u00a0 \u00a0Y es que la banda mexicana de Ska hizo brincar como chapulines a sus fans\u2028<\/p>\n<p>  <!--more-->  <\/p>\n<p>&#8220;No importa cu\u00e1ntas veces cambiemos de gobierno, lo que importa es que en temblor aprendimos juntos a levantar el pu\u00f1o, aprendimos a hacer silencio para escucharnos, todos juntos, as\u00ed que juntos cambiemos el destino del mundo, hagamos un mundo mejor, juntos levantemos el pu\u00f1o, las bufandas&#8221;, pidi\u00f3 El Pinocho a sus seguidores que inundaron la explanada del Foro Sol en el segundo d\u00eda del Vive Latino 2019.<br \/>Y es que la banda mexicana de Ska hizo brincar como chapulines a sus fans y no tan fans en el festejo del 20 aniversario de la fiesta musical m\u00e1s importante de Am\u00e9rica Latina, y con \u00e9xitos como &#8220;30 monedas&#8221;, &#8220;Tan lejos y tan cerca&#8221;, &#8220;Todos somos estrambos&#8221;, &#8220;Camino a ninguna parte&#8221;, animaba a su p\u00fablico que nunca baj\u00f3 la guardia.<br \/>Las cl\u00e1sicas bufandas de la ya cl\u00e1sica banda invitada al Vive levantaba sus prendas y mientras sonaba &#8220;Peter Punk&#8221; el slam se arm\u00f3 con todo y rueda. Obviamente el calor hizo que la gente se deshidratara con tanto salto y cantada, as\u00ed que se refrescaban la garganta con una que otra cerveza que de vez en cuando saltaba por los aires para ver a qui\u00e9n le ca\u00eda, lo malo es que no se sab\u00eda si realmente era el l\u00edquido formado por l\u00fapulo y cebada u otra cosa. <br \/>Con &#8220;Gracias&#8221; lleg\u00f3 el momento rom\u00e1ntico de los skateros. &#8220;20 a\u00f1os aqu\u00ed, somos de la generaci\u00f3n que se enamoraba en &#8220;La cola de las tortillas&#8221;, dec\u00eda Pinocho para que su banda formada por: Leonardo A\u00f1orve (bajo), Adri\u00e1n Vallarta (bater\u00eda), David &#8220;Chadou&#8221; S\u00e1nchez (guitarra), Gabriel Bronfman (bajo 2), C\u00e9sar &#8220;Chi Ch&#8221; Rojas (teclado), Pablo Coello (saxo) y Helios Escalona (tromb\u00f3n) respond\u00edan con esta rola y con &#8220;M\u00e1s cerveza para la cabeza&#8221;.<br \/>Al final, Los Estrambos, como as\u00ed la banda los conoce hicieron sudar a su gente quienes apenas est\u00e1n calentando y esperando a banda como El Gran silencio, Rastrillos, Bengala, El Tri, Caf\u00e9 Tacvba, Santana, entre otros muchos m\u00e1s.<\/p>\n","protected":false},"excerpt":{"rendered":"<p>\u00a0\u00a0\u00a0 \u2022\u00a0\u00a0 \u00a0Y es que la banda mexicana de Ska hizo brincar como chapulines a sus fans\u2028<\/p>\n","protected":false},"author":93,"featured_media":0,"comment_status":"open","ping_status":"open","sticky":false,"template":"","format":"standard","meta":{"footnotes":""},"categories":[38],"tags":[],"class_list":["post-80512","post","type-post","status-publish","format-standard","hentry","category-show"],"_links":{"self":[{"href":"https:\/\/plazajuarez.mx\/historico\/wp-json\/wp\/v2\/posts\/80512","targetHints":{"allow":["GET"]}}],"collection":[{"href":"https:\/\/plazajuarez.mx\/historico\/wp-json\/wp\/v2\/posts"}],"about":[{"href":"https:\/\/plazajuarez.mx\/historico\/wp-json\/wp\/v2\/types\/post"}],"author":[{"embeddable":true,"href":"https:\/\/plazajuarez.mx\/historico\/wp-json\/wp\/v2\/users\/93"}],"replies":[{"embeddable":true,"href":"https:\/\/plazajuarez.mx\/historico\/wp-json\/wp\/v2\/comments?post=80512"}],"version-history":[{"count":0,"href":"https:\/\/plazajuarez.mx\/historico\/wp-json\/wp\/v2\/posts\/80512\/revisions"}],"wp:attachment":[{"href":"https:\/\/plazajuarez.mx\/historico\/wp-json\/wp\/v2\/media?parent=80512"}],"wp:term":[{"taxonomy":"category","embeddable":true,"href":"https:\/\/plazajuarez.mx\/historico\/wp-json\/wp\/v2\/categories?post=80512"},{"taxonomy":"post_tag","embeddable":true,"href":"https:\/\/plazajuarez.mx\/historico\/wp-json\/wp\/v2\/tags?post=80512"}],"curies":[{"name":"wp","href":"https:\/\/api.w.org\/{rel}","templated":true}]}}