{"id":80511,"date":"2019-03-18T13:25:05","date_gmt":"2019-03-18T13:25:05","guid":{"rendered":"http:\/\/plazajuarez.mx\/index\/index.php\/2019\/03\/18\/sentencian-a-36-anos-de-carcel-a-violador-abuso-de-cuatro-menores\/"},"modified":"2019-03-18T13:25:05","modified_gmt":"2019-03-18T13:25:05","slug":"sentencian-a-36-anos-de-carcel-a-violador-abuso-de-cuatro-menores","status":"publish","type":"post","link":"https:\/\/plazajuarez.mx\/historico\/sentencian-a-36-anos-de-carcel-a-violador-abuso-de-cuatro-menores\/","title":{"rendered":"SENTENCIAN A 36 A\u00d1OS DE C\u00c1RCEL A VIOLADOR; ABUS\u00d3 DE CUATRO MENORES"},"content":{"rendered":"<p>La dependencia dedicada a procurar justicia en el Estado mediante un comunicado dio a conocer que gracias a labores del personal de la agencia del Ministerio P\u00fablico, un hombre fue sentenciado a 36 a\u00f1os de prisi\u00f3n por el delito de violaci\u00f3n cometido en agravio de cuatro personas.<\/p>\n<p>  <!--more-->  <\/p>\n<p>Se detalla que agentes del Ministerio P\u00fablico adscritos a la Subprocuradur\u00eda de Derechos Humanos y Servicios a la Comunidad de la Procuradur\u00eda General de Justicia del estado de Hidalgo (PGJEH), consiguieron que un hombre identificado como Oscar \u201cN\u201d, fuera sentenciado por su responsabilidad en el delito de abuso sexual agravado en contra de cuatro menores de edad.<br \/>Los hechos que derivaron en la sentencia condenatoria, ocurrieron en la colonia El Abra, de Tulancingo, en donde de acuerdo con las pruebas ofrecidas por esta Procuradur\u00eda, el adulto abus\u00f3 sexualmente de las menores de edad, por quienes se iniciaron cuatro carpetas de investigaci\u00f3n.<br \/>Las agentes del Ministerio P\u00fablico, recabaron los elementos suficientes que inculparon a Oscar \u201cN\u201d, quien fue presentado ante el Juez de control para el desahogo de la audiencia inicial de la que result\u00f3 vinculado a proceso.<br \/>Una vez cumplido el plazo de la investigaci\u00f3n complementaria y agotadas todas las etapas del proceso penal, con base en la investigaci\u00f3n a cargo del personal de la Subprocuradur\u00eda de Derechos Humanos y Servicios a la Comunidad, el Tribunal de Enjuiciamiento impuso a Oscar \u201cN\u201d, una sentencia de nueve a\u00f1os de prisi\u00f3n, por cada delito cometido, por lo que enfrentar\u00e1 una condena de 36 a\u00f1os, adem\u00e1s deber\u00e1 cumplir con el pago de la reparaci\u00f3n del da\u00f1o por cada una de las v\u00edctimas.<\/p>\n","protected":false},"excerpt":{"rendered":"<p>La dependencia dedicada a procurar justicia en el Estado mediante un comunicado dio a conocer que gracias a labores del personal de la agencia del Ministerio P\u00fablico, un hombre fue sentenciado a 36 a\u00f1os de prisi\u00f3n por el delito de violaci\u00f3n cometido en agravio de cuatro personas.<\/p>\n","protected":false},"author":93,"featured_media":0,"comment_status":"open","ping_status":"open","sticky":false,"template":"","format":"standard","meta":{"footnotes":""},"categories":[37],"tags":[],"class_list":["post-80511","post","type-post","status-publish","format-standard","hentry","category-barandilla"],"_links":{"self":[{"href":"https:\/\/plazajuarez.mx\/historico\/wp-json\/wp\/v2\/posts\/80511","targetHints":{"allow":["GET"]}}],"collection":[{"href":"https:\/\/plazajuarez.mx\/historico\/wp-json\/wp\/v2\/posts"}],"about":[{"href":"https:\/\/plazajuarez.mx\/historico\/wp-json\/wp\/v2\/types\/post"}],"author":[{"embeddable":true,"href":"https:\/\/plazajuarez.mx\/historico\/wp-json\/wp\/v2\/users\/93"}],"replies":[{"embeddable":true,"href":"https:\/\/plazajuarez.mx\/historico\/wp-json\/wp\/v2\/comments?post=80511"}],"version-history":[{"count":0,"href":"https:\/\/plazajuarez.mx\/historico\/wp-json\/wp\/v2\/posts\/80511\/revisions"}],"wp:attachment":[{"href":"https:\/\/plazajuarez.mx\/historico\/wp-json\/wp\/v2\/media?parent=80511"}],"wp:term":[{"taxonomy":"category","embeddable":true,"href":"https:\/\/plazajuarez.mx\/historico\/wp-json\/wp\/v2\/categories?post=80511"},{"taxonomy":"post_tag","embeddable":true,"href":"https:\/\/plazajuarez.mx\/historico\/wp-json\/wp\/v2\/tags?post=80511"}],"curies":[{"name":"wp","href":"https:\/\/api.w.org\/{rel}","templated":true}]}}