{"id":80509,"date":"2019-03-18T13:24:27","date_gmt":"2019-03-18T13:24:27","guid":{"rendered":"http:\/\/plazajuarez.mx\/index\/index.php\/2019\/03\/18\/realizan-cambios-de-rutina-de-directores-en-ceresos\/"},"modified":"2019-03-18T13:24:27","modified_gmt":"2019-03-18T13:24:27","slug":"realizan-cambios-de-rutina-de-directores-en-ceresos","status":"publish","type":"post","link":"https:\/\/plazajuarez.mx\/historico\/realizan-cambios-de-rutina-de-directores-en-ceresos\/","title":{"rendered":"REALIZAN CAMBIOS DE RUTINA DE DIRECTORES EN CERESOS"},"content":{"rendered":"<p>LA SSPH<\/p>\n<p>  <!--more-->  <\/p>\n<p>La Secretar\u00eda de Seguridad P\u00fablica del Estado, dio a conocer las rotaciones<br \/>De manera sorpresiva en las \u00faltimas horas, trascendi\u00f3 que se realizaron algunos cambios de directores en diferentes Centros de Reinserci\u00f3n Social en el Estado, entre los que se cuentan el del municipio de Tulancingo, donde repentinamente lleg\u00f3 a la titularidad del centro penitenciario Eduardo Javier God\u00ednez.<br \/>De ello, la Secretar\u00eda de Seguridad P\u00fablica del Estado que comanda Mauricio Delmar Saavedra, dio a conocer oficialmente que las rotaciones no obedecen a irregularidad alguna, ya que simplemente son movimientos rutinarios que se efect\u00faan sin incidentes y que se llevan a cabo de manera peri\u00f3dica en todos los Centros de Reinserci\u00f3n Social de Hidalgo.<br \/>As\u00ed mismo se confirm\u00f3 que en el Penal de Tulancingo ya se cuenta con un nuevo director, cuya responsabilidad recay\u00f3 en Eduardo Javier God\u00ednez Moreno, quien se ven\u00eda desempe\u00f1ando como titular en el centro penitenciario de Tenango de Doria.<br \/>Adem\u00e1s se detall\u00f3 que Jorge S\u00e1nchez Cruz quien fung\u00eda como director en la c\u00e1rcel de Tulancingo, fue designado como el nuevo responsable del penal de La Huasteca.<br \/>Otro de los movimientos que se realiz\u00f3, fue el de Juan Carlos Hern\u00e1ndez Delgadillo que dirig\u00eda el centro penitenciario de la Huasteca, mismo que dej\u00f3 para emigrar al Centro de Reinserci\u00f3n Social de Tula de Allende.<br \/>Finalmente, la SSPH corrobor\u00f3 otra designaci\u00f3n, ya que inform\u00f3 que Rub\u00e9n P\u00e9rez P\u00e9rez quien fung\u00eda como director en el penal de Tula de Allende fue reubicado al CERESO del distrito de Tenango de Doria.<\/p>\n","protected":false},"excerpt":{"rendered":"<p>LA SSPH<\/p>\n","protected":false},"author":93,"featured_media":0,"comment_status":"open","ping_status":"open","sticky":false,"template":"","format":"standard","meta":{"footnotes":""},"categories":[37],"tags":[],"class_list":["post-80509","post","type-post","status-publish","format-standard","hentry","category-barandilla"],"_links":{"self":[{"href":"https:\/\/plazajuarez.mx\/historico\/wp-json\/wp\/v2\/posts\/80509","targetHints":{"allow":["GET"]}}],"collection":[{"href":"https:\/\/plazajuarez.mx\/historico\/wp-json\/wp\/v2\/posts"}],"about":[{"href":"https:\/\/plazajuarez.mx\/historico\/wp-json\/wp\/v2\/types\/post"}],"author":[{"embeddable":true,"href":"https:\/\/plazajuarez.mx\/historico\/wp-json\/wp\/v2\/users\/93"}],"replies":[{"embeddable":true,"href":"https:\/\/plazajuarez.mx\/historico\/wp-json\/wp\/v2\/comments?post=80509"}],"version-history":[{"count":0,"href":"https:\/\/plazajuarez.mx\/historico\/wp-json\/wp\/v2\/posts\/80509\/revisions"}],"wp:attachment":[{"href":"https:\/\/plazajuarez.mx\/historico\/wp-json\/wp\/v2\/media?parent=80509"}],"wp:term":[{"taxonomy":"category","embeddable":true,"href":"https:\/\/plazajuarez.mx\/historico\/wp-json\/wp\/v2\/categories?post=80509"},{"taxonomy":"post_tag","embeddable":true,"href":"https:\/\/plazajuarez.mx\/historico\/wp-json\/wp\/v2\/tags?post=80509"}],"curies":[{"name":"wp","href":"https:\/\/api.w.org\/{rel}","templated":true}]}}