{"id":80506,"date":"2019-03-18T13:18:44","date_gmt":"2019-03-18T13:18:44","guid":{"rendered":"http:\/\/plazajuarez.mx\/index\/index.php\/2019\/03\/18\/futbol-nacional-1358\/"},"modified":"2019-03-18T13:18:44","modified_gmt":"2019-03-18T13:18:44","slug":"futbol-nacional-1358","status":"publish","type":"post","link":"https:\/\/plazajuarez.mx\/historico\/futbol-nacional-1358\/","title":{"rendered":"Futbol Nacional"},"content":{"rendered":"<p>\u00a0Cardozo, \u00bfcerca de la guillotina?<br \/>\u00a0\u00a0 \u00a0\u2022\u00a0\u00a0 \u00a0Despu\u00e9s de perder los dos Cl\u00e1sicos Nacionales ante Am\u00e9rica, el cuadro del reba\u00f1o podr\u00eda quedarse sin t\u00e9cnico en las pr\u00f3ximas horas\u2028<\/p>\n<p>  <!--more-->  <\/p>\n<p>El proyecto de Jos\u00e9 Cardozo parece insostenible tras cuatro triunfos, tres empates y cuatro derrotas que tienen al Guadalajara fuera de la zona de Liguilla. La paciencia se agota como a los \u00faltimos pastores que pasaron por el Reba\u00f1o.\u00a0\u2028Antes de Cardozo estaba Mat\u00edas Almeyda. El argentino marc\u00f3 una importante pauta en el conjunto rojiblanco, al conquistar un t\u00edtulo de Liga, dos de Copa, una Supercopa y la Concachampions, para convertirse en el segundo t\u00e9cnico m\u00e1s ganador de Chivas.\u2028Pero, los conflictos dentro del organigrama tapat\u00edo y las diferencias de planeaci\u00f3n rompieron con la armon\u00eda del club, incluso, en la antesala de la Liga de Campeones de la Concacaf, donde consiguieron su boleto al Mundial de Clubes 2018, su futuro ya era incierto.<br \/>**<br \/>Necaxa sorprende al Santos y le pega 2-1 en la Comarca<\/p>\n<p>\u00a0\u2028A cuatro minutos de concluir el encuentro, Necaxa meti\u00f3 a Santos en su \u00e1rea para sacar un resultado final de 2-1 de la Comarca Lagunera y sumar tres puntos que meten al cuadro hidroc\u00e1lido entre los primeros ocho equipos de la tabla general en acciones de la jornada 11 de la Liga MX.\u2028Por Necaxa Facundo Ismael castro fue el que se encarg\u00f3 de la anotaci\u00f3n que abri\u00f3 el marcador en el TSM. El uruguayo se encontr\u00f3 con un rechace en el \u00e1rea chica del cuadro local y no dud\u00f3 en meter toda la parte interna para sacudir las redes albiverdes.\u00a0\u2028Al 45&#8242; lleg\u00f3 la pol\u00e9mica, pues el silbante Fernando Guerrero hab\u00eda decretado penal a favor de Santos, sin embargo, tras la revisi\u00f3n exhaustiva en el VAR, el de negro decidi\u00f3 revocar su marcaci\u00f3n y todo qued\u00f3 en saque de porter\u00eda para los rojiblancos.\u00a0\u2028Ya en la segunda parte, Julio Furch emparej\u00f3 los cartones luego de un groser\u00edsimo error del arquero necaxista Hugo Gonz\u00e1lez al minuto 54. Con el empate, el gui\u00f3n del partido se torn\u00f3 r\u00edspido en media cancha con dos equipos intentando sorprender al rival.\u00a0\u2028Ya al 91&#8242;, Rodrigo Contreras aprovech\u00f3 una serie de rebotes en el \u00e1rea de los Guerreros y con un zapatazo mand\u00f3 el bal\u00f3n a las redes para dar la victoria a su equipo y terminar con el invicto de Santos en su propia cancha. Con este marcador, los locales se queda con 15 unidades, mientras que Necaxa lleg\u00f3 al sexto puesto con 18 puntos. <br \/>**<br \/>\u00a0<\/p>\n<p>LA VOLPE TRIUNFA EN EL INFIERNO <br \/>El infierno de la Bombonera de la ciudad de Toluca le sienta bien a Ricardo Antonio La Volpe, quien regres\u00f3 como t\u00e9cnico de los Diablos Rojos al Nemesio D\u00edez y respondi\u00f3 con una contundente victoria, 2-0, sobre los Rojinegros del Atlas.<br \/>Mejor\u00eda del cuadro del Toluca sostenida con puntos; primera victoria del &#8220;Bigot\u00f3n&#8221; en su regreso al banquillo, luego de empatar en su presentaci\u00f3n ante los Rayos del Necaxa. Por el lado del Atlas, el cuadro rojinegro sum\u00f3 su sexta derrota en fila y se hunde en la Tabla General.<\/p>\n<p>**<\/p>\n<p>SELECCIONADOS VIAJAN \u00a0POR SEPARADO PARA PARTIDOS AMISTOSOS<br \/>\u00a0<br \/>Gerardo &#8220;Tata&#8221; Martino viaj\u00f3 a la sede de su primer juego amistoso s\u00f3lo con dos jugadores: el volante Roberto Alvarado, de Cruz Azul y V\u00edctor Guzm\u00e1n, mediocampista del Pachuca, quienes de la Ciudad de M\u00e9xico emprendieron vuelo rumbo a Tijuana, junto con el cuerpo t\u00e9cnico y dem\u00e1s comitiva del Tricolor.<br \/>Todos ellos cruzar\u00e1n la frontera v\u00eda terrestre para encontrarse con el resto del plantel en San Diego, donde este viernes se enfrentar\u00e1n contra su similar de Chile. \u00c9dson \u00c1lvarez, Jorge S\u00e1nchez, Ra\u00fal Gudi\u00f1o e Isaac Brizuela, quienes disputaron el cl\u00e1sico nacional el s\u00e1bado, pernoctaron en Guadalajara y de ah\u00ed partir\u00e1n a la ciudad californiana.\u00a0 <br \/>\u00a0<br \/>\u00a0<br \/>\u00a0<br \/>**<br \/>\u00a0<\/p>\n","protected":false},"excerpt":{"rendered":"<p>\u00a0Cardozo, \u00bfcerca de la guillotina?\u00a0\u00a0 \u00a0\u2022\u00a0\u00a0 \u00a0Despu\u00e9s de perder los dos Cl\u00e1sicos Nacionales ante Am\u00e9rica, el cuadro del reba\u00f1o podr\u00eda quedarse sin t\u00e9cnico en las pr\u00f3ximas horas\u2028<\/p>\n","protected":false},"author":93,"featured_media":0,"comment_status":"open","ping_status":"open","sticky":false,"template":"","format":"standard","meta":{"footnotes":""},"categories":[39],"tags":[],"class_list":["post-80506","post","type-post","status-publish","format-standard","hentry","category-deportiva"],"_links":{"self":[{"href":"https:\/\/plazajuarez.mx\/historico\/wp-json\/wp\/v2\/posts\/80506","targetHints":{"allow":["GET"]}}],"collection":[{"href":"https:\/\/plazajuarez.mx\/historico\/wp-json\/wp\/v2\/posts"}],"about":[{"href":"https:\/\/plazajuarez.mx\/historico\/wp-json\/wp\/v2\/types\/post"}],"author":[{"embeddable":true,"href":"https:\/\/plazajuarez.mx\/historico\/wp-json\/wp\/v2\/users\/93"}],"replies":[{"embeddable":true,"href":"https:\/\/plazajuarez.mx\/historico\/wp-json\/wp\/v2\/comments?post=80506"}],"version-history":[{"count":0,"href":"https:\/\/plazajuarez.mx\/historico\/wp-json\/wp\/v2\/posts\/80506\/revisions"}],"wp:attachment":[{"href":"https:\/\/plazajuarez.mx\/historico\/wp-json\/wp\/v2\/media?parent=80506"}],"wp:term":[{"taxonomy":"category","embeddable":true,"href":"https:\/\/plazajuarez.mx\/historico\/wp-json\/wp\/v2\/categories?post=80506"},{"taxonomy":"post_tag","embeddable":true,"href":"https:\/\/plazajuarez.mx\/historico\/wp-json\/wp\/v2\/tags?post=80506"}],"curies":[{"name":"wp","href":"https:\/\/api.w.org\/{rel}","templated":true}]}}