{"id":80385,"date":"2019-03-15T17:09:45","date_gmt":"2019-03-15T17:09:45","guid":{"rendered":"http:\/\/plazajuarez.mx\/index\/index.php\/2019\/03\/15\/se-volco-automovil-perseguido-por-la-policia-federal\/"},"modified":"2019-03-15T17:09:45","modified_gmt":"2019-03-15T17:09:45","slug":"se-volco-automovil-perseguido-por-la-policia-federal","status":"publish","type":"post","link":"https:\/\/plazajuarez.mx\/historico\/se-volco-automovil-perseguido-por-la-policia-federal\/","title":{"rendered":"Se volc\u00f3 autom\u00f3vil perseguido por la Polic\u00eda Federal"},"content":{"rendered":"<p style=\"text-align: justify;\"><span style=\"font-weight: 400;\">El conductor fue detenido y la unidad con la mercanc\u00eda fue asegurada.<\/span><\/p>\n<p>  <!--more-->  <\/p>\n<p style=\"text-align: justify;\"><span style=\"font-weight: 400;\">En Tlahuelilpan se volc\u00f3 un veh\u00edculo que era perseguido por la Polic\u00eda Federal, luego de no atender el llamado para que se detuviera y pudiera ser revisado.<\/span><\/p>\n<p style=\"text-align: justify;\"><span style=\"font-weight: 400;\">Se inform\u00f3 que la persecuci\u00f3n inici\u00f3 desde la Colonia Iturbe en Tula, pero que al hacer caso omiso el conductor del veh\u00edculo Ne\u00f3n, \u00e9ste emprendi\u00f3 la huida hacia Tlahuelilpan, y a la altura del Mayoreo volc\u00f3, al verse cercado por la Polic\u00eda Municipal que hab\u00eda sido activada para detener la unidad. <\/span><\/p>\n<p style=\"text-align: justify;\"><span style=\"font-weight: 400;\">El conductor fue detenido y la unidad con la mercanc\u00eda fue asegurada. <\/span><\/p>\n<p style=\"text-align: justify;\"><span style=\"font-weight: 400;\">Sobre los hechos no se tiene informaci\u00f3n oficial, s\u00f3lo de fuentes allegadas a la polic\u00eda y testigos.<\/span><\/p>\n<p><span style=\"font-weight: 400;\"><img loading=\"lazy\" decoding=\"async\" style=\"display: block; margin-left: auto; margin-right: auto;\" src=\"images\/WhatsApp_Image_20190315_at_110145_AM.jpeg\" width=\"503\" height=\"377\" \/><\/span><\/p>\n","protected":false},"excerpt":{"rendered":"<p>El conductor fue detenido y la unidad con la mercanc\u00eda fue asegurada.<\/p>\n","protected":false},"author":1,"featured_media":0,"comment_status":"open","ping_status":"open","sticky":false,"template":"","format":"standard","meta":{"footnotes":""},"categories":[40],"tags":[],"class_list":["post-80385","post","type-post","status-publish","format-standard","hentry","category-region"],"_links":{"self":[{"href":"https:\/\/plazajuarez.mx\/historico\/wp-json\/wp\/v2\/posts\/80385","targetHints":{"allow":["GET"]}}],"collection":[{"href":"https:\/\/plazajuarez.mx\/historico\/wp-json\/wp\/v2\/posts"}],"about":[{"href":"https:\/\/plazajuarez.mx\/historico\/wp-json\/wp\/v2\/types\/post"}],"author":[{"embeddable":true,"href":"https:\/\/plazajuarez.mx\/historico\/wp-json\/wp\/v2\/users\/1"}],"replies":[{"embeddable":true,"href":"https:\/\/plazajuarez.mx\/historico\/wp-json\/wp\/v2\/comments?post=80385"}],"version-history":[{"count":0,"href":"https:\/\/plazajuarez.mx\/historico\/wp-json\/wp\/v2\/posts\/80385\/revisions"}],"wp:attachment":[{"href":"https:\/\/plazajuarez.mx\/historico\/wp-json\/wp\/v2\/media?parent=80385"}],"wp:term":[{"taxonomy":"category","embeddable":true,"href":"https:\/\/plazajuarez.mx\/historico\/wp-json\/wp\/v2\/categories?post=80385"},{"taxonomy":"post_tag","embeddable":true,"href":"https:\/\/plazajuarez.mx\/historico\/wp-json\/wp\/v2\/tags?post=80385"}],"curies":[{"name":"wp","href":"https:\/\/api.w.org\/{rel}","templated":true}]}}