{"id":80384,"date":"2019-03-15T16:18:08","date_gmt":"2019-03-15T16:18:08","guid":{"rendered":"http:\/\/plazajuarez.mx\/index\/index.php\/2019\/03\/15\/historica-creacion-del-sindicato-de-trabajadores-de-la-upp\/"},"modified":"2019-03-15T16:18:08","modified_gmt":"2019-03-15T16:18:08","slug":"historica-creacion-del-sindicato-de-trabajadores-de-la-upp","status":"publish","type":"post","link":"https:\/\/plazajuarez.mx\/historico\/historica-creacion-del-sindicato-de-trabajadores-de-la-upp\/","title":{"rendered":"HIST\u00d3RICA CREACI\u00d3N DEL SINDICATO  DE TRABAJADORES DE LA UPP"},"content":{"rendered":"<p><span style=\"font-weight: 400;\">Lucha por mejores condiciones laborales, pero de manera ordenada y respetuosa.<\/span><\/p>\n<p><span style=\"font-weight: 400;\">180 agremiados entre docentes, administrativos y personal de apoyo.<\/span><\/p>\n<p>  <!--more-->  <\/p>\n<p style=\"text-align: justify;\"><span style=\"font-weight: 400;\">\u201cLas buenas guerras son las estrat\u00e9gicas, las que se hacen con la mente, con la cabeza y a trav\u00e9s de una buena negociaci\u00f3n, \u00a0gesti\u00f3n y con la base principal, argumentos s\u00f3lidos como el trabajo realizado\u201d, manifest\u00f3 Fernando Gonz\u00e1lez Hern\u00e1ndez, profesor investigador por m\u00e1s de 6 a\u00f1os, y actualmente, \u00a0secretario general del Sindicato de Trabajadores de la Universidad Polit\u00e9cnica de Pachuca (UPP).<\/span><\/p>\n<p style=\"text-align: justify;\"><span style=\"font-weight: 400;\">Lo anterior, respecto a la creaci\u00f3n de este gremio en esta casa de estudios, situaci\u00f3n considerada hist\u00f3rica, por ello explic\u00f3: \u201cla solicitud \u00a0de registro fue recibida oficialmente, ya est\u00e1 en tr\u00e1mite, y el proceso se encuentra en el estatus de recibir una certificaci\u00f3n por la Secretar\u00eda del Trabajo y Previsi\u00f3n Social\u201d.<\/span><\/p>\n<p style=\"text-align: justify;\"><span style=\"font-weight: 400;\">Mencion\u00f3 que esta agrupaci\u00f3n surge por la necesidad de defender los derechos laborales, pero de una forma ordenada. \u201cHemos experimentado una crisis al interior de la UPP, vimos compa\u00f1eros agrup\u00e1ndose de \u00a0una manera que creemos no era la m\u00e1s congruente\u201d.<\/span><\/p>\n<p style=\"text-align: justify;\"><span style=\"font-weight: 400;\">En ese sentido Gonz\u00e1lez Hern\u00e1ndez puntualiz\u00f3 \u201csi formamos profesionistas, nos debemos comportar como tal, \u00a0y en ese sentido es nuestra lucha, podemos conseguir lo que sea a trav\u00e9s de la negociaci\u00f3n, di\u00e1logo, pr\u00e1cticas de gesti\u00f3n, somos un grupo fuerte y estructurado que tenemos ese compromiso\u201d.<\/span><\/p>\n<p style=\"text-align: justify;\"><span style=\"font-weight: 400;\">Detall\u00f3 que desde el inicio de la propuesta la invitaci\u00f3n fue plural e incluyente \u201cde tal manera que \u00a0pudi\u00e9ramos tener a todos los compa\u00f1eros de todas las \u00e1reas, administrativas, docentes, personal de apoyo\u201d.<\/span><\/p>\n<p style=\"text-align: justify;\"><span style=\"font-weight: 400;\">Agreg\u00f3: \u201cSabemos que los logros de la universidad se deben al trabajo que nosotros hemos aportado, y eso es lo que vamos a defender, que sea reconocido de una manera correcta y ordenada, porque somos personal comprometido y lo hemos demostrado\u201d.<\/span><\/p>\n<p style=\"text-align: justify;\"><span style=\"font-weight: 400;\">El l\u00edder del Sindicato de Trabajadores de la Universidad Polit\u00e9cnica de Pachuca, se\u00f1al\u00f3 que el trabajo realizado por todo el personal de la casa de estudios ha contribuido para que sea considerada una de las mejores, en el esquema de polit\u00e9cnica y tecnol\u00f3gicas, por ello la importancia de que el esfuerzo sea reconocido con mejores condiciones laborales, pero a trav\u00e9s de mesas de negociaci\u00f3n.<\/span><\/p>\n<p>\u00a0<\/p>\n","protected":false},"excerpt":{"rendered":"<p>Lucha por mejores condiciones laborales, pero de manera ordenada y respetuosa. 180 agremiados entre docentes, administrativos y personal de apoyo.<\/p>\n","protected":false},"author":1,"featured_media":0,"comment_status":"open","ping_status":"open","sticky":false,"template":"","format":"standard","meta":{"footnotes":""},"categories":[59],"tags":[],"class_list":["post-80384","post","type-post","status-publish","format-standard","hentry","category-general"],"_links":{"self":[{"href":"https:\/\/plazajuarez.mx\/historico\/wp-json\/wp\/v2\/posts\/80384","targetHints":{"allow":["GET"]}}],"collection":[{"href":"https:\/\/plazajuarez.mx\/historico\/wp-json\/wp\/v2\/posts"}],"about":[{"href":"https:\/\/plazajuarez.mx\/historico\/wp-json\/wp\/v2\/types\/post"}],"author":[{"embeddable":true,"href":"https:\/\/plazajuarez.mx\/historico\/wp-json\/wp\/v2\/users\/1"}],"replies":[{"embeddable":true,"href":"https:\/\/plazajuarez.mx\/historico\/wp-json\/wp\/v2\/comments?post=80384"}],"version-history":[{"count":0,"href":"https:\/\/plazajuarez.mx\/historico\/wp-json\/wp\/v2\/posts\/80384\/revisions"}],"wp:attachment":[{"href":"https:\/\/plazajuarez.mx\/historico\/wp-json\/wp\/v2\/media?parent=80384"}],"wp:term":[{"taxonomy":"category","embeddable":true,"href":"https:\/\/plazajuarez.mx\/historico\/wp-json\/wp\/v2\/categories?post=80384"},{"taxonomy":"post_tag","embeddable":true,"href":"https:\/\/plazajuarez.mx\/historico\/wp-json\/wp\/v2\/tags?post=80384"}],"curies":[{"name":"wp","href":"https:\/\/api.w.org\/{rel}","templated":true}]}}