{"id":80148,"date":"2019-03-11T05:35:40","date_gmt":"2019-03-11T05:35:40","guid":{"rendered":"http:\/\/plazajuarez.mx\/index\/index.php\/2019\/03\/11\/reyerta-deja-un-civil-muerto-hay-un-policia-herido-de-gravedad\/"},"modified":"2019-03-11T05:35:40","modified_gmt":"2019-03-11T05:35:40","slug":"reyerta-deja-un-civil-muerto-hay-un-policia-herido-de-gravedad","status":"publish","type":"post","link":"https:\/\/plazajuarez.mx\/historico\/reyerta-deja-un-civil-muerto-hay-un-policia-herido-de-gravedad\/","title":{"rendered":"REYERTA DEJA UN CIVIL MUERTO; HAY UN POLIC\u00cdA HERIDO DE GRAVEDAD"},"content":{"rendered":"<p>EN EL MUNICIPIO DE PISAFLORES<\/p>\n<p>  <!--more-->  <\/p>\n<p>La noche del s\u00e1bado a las 21:00 horas se registr\u00f3 una reyerta, que dej\u00f3 saldo de un muerto y un polic\u00eda lesionado de gravedad, luego que en la comunidad de la Palma del municipio de Pisaflores, elementos de la Polic\u00eda Municipal fueron agredidos y se vieron obligados a responder al ataque.<br \/>Se sabe que los uniformados fueron alertados de que en la localidad mencionada se hab\u00eda suscitado una ri\u00f1a entre pobladores y la gente del lugar se encontraba alarmada, por lo que los uniformados de inmediato acudieron al lugar para tratar de restablecer el orden.<br \/>No obstante al tratar de intervenir, los rijosos la tomaron contra los guardianes de la ley a quienes agredieron, provocando la retirada de los oficiales, adem\u00e1s de que un individuo identificado como Nahum \u201cN\u201d, sac\u00f3 un arma de fuego y dispar\u00f3, logrando lesionar de gravedad al comandante de la Polic\u00eda Municipal, Marcos Rubio.<br \/>En el lugar qued\u00f3 inerte el agresor de los polic\u00edas, de quien se dijo era originario y vecino de la comunidad de La Palma.<br \/>El oficial herido tuvo que ser trasladado de emergencia a la cl\u00ednica del Seguro Social de Zacatip\u00e1n donde fue ingresado a la sala de Urgencias.<\/p>\n","protected":false},"excerpt":{"rendered":"<p>EN EL MUNICIPIO DE PISAFLORES<\/p>\n","protected":false},"author":93,"featured_media":0,"comment_status":"open","ping_status":"open","sticky":false,"template":"","format":"standard","meta":{"footnotes":""},"categories":[37],"tags":[],"class_list":["post-80148","post","type-post","status-publish","format-standard","hentry","category-barandilla"],"_links":{"self":[{"href":"https:\/\/plazajuarez.mx\/historico\/wp-json\/wp\/v2\/posts\/80148","targetHints":{"allow":["GET"]}}],"collection":[{"href":"https:\/\/plazajuarez.mx\/historico\/wp-json\/wp\/v2\/posts"}],"about":[{"href":"https:\/\/plazajuarez.mx\/historico\/wp-json\/wp\/v2\/types\/post"}],"author":[{"embeddable":true,"href":"https:\/\/plazajuarez.mx\/historico\/wp-json\/wp\/v2\/users\/93"}],"replies":[{"embeddable":true,"href":"https:\/\/plazajuarez.mx\/historico\/wp-json\/wp\/v2\/comments?post=80148"}],"version-history":[{"count":0,"href":"https:\/\/plazajuarez.mx\/historico\/wp-json\/wp\/v2\/posts\/80148\/revisions"}],"wp:attachment":[{"href":"https:\/\/plazajuarez.mx\/historico\/wp-json\/wp\/v2\/media?parent=80148"}],"wp:term":[{"taxonomy":"category","embeddable":true,"href":"https:\/\/plazajuarez.mx\/historico\/wp-json\/wp\/v2\/categories?post=80148"},{"taxonomy":"post_tag","embeddable":true,"href":"https:\/\/plazajuarez.mx\/historico\/wp-json\/wp\/v2\/tags?post=80148"}],"curies":[{"name":"wp","href":"https:\/\/api.w.org\/{rel}","templated":true}]}}