{"id":80146,"date":"2019-03-11T05:35:06","date_gmt":"2019-03-11T05:35:06","guid":{"rendered":"http:\/\/plazajuarez.mx\/index\/index.php\/2019\/03\/11\/llevaron-jornada-de-seguridad-a-2-mil-universitarios\/"},"modified":"2019-03-11T05:35:06","modified_gmt":"2019-03-11T05:35:06","slug":"llevaron-jornada-de-seguridad-a-2-mil-universitarios","status":"publish","type":"post","link":"https:\/\/plazajuarez.mx\/historico\/llevaron-jornada-de-seguridad-a-2-mil-universitarios\/","title":{"rendered":"LLEVARON JORNADA DE SEGURIDAD A 2 MIL UNIVERSITARIOS"},"content":{"rendered":"<p>LA CELEBR\u00d3 LA SSPH<\/p>\n<p>  <!--more-->  <\/p>\n<p>Elementos del Cuerpo de Bomberos de Hidalgo, servicio m\u00e9dico y de peluquer\u00eda tambi\u00e9n participaron en las actividades organizadas por la SSPH<br \/>Con pl\u00e1ticas de orientaci\u00f3n y prevenci\u00f3n del delito, as\u00ed como una demostraci\u00f3n de las capacidades operativas que se desempe\u00f1an en el marco de la estrategia Hidalgo Seguro, la Secretar\u00eda de Seguridad P\u00fablica, que encabeza Mauricio Delmar, llev\u00f3 a cabo una Jornada de Seguridad en el Instituto Tecnol\u00f3gico Superior del Occidente del Estado de Hidalgo en Mixquiahuala. <br \/>Dicha actividad se desarroll\u00f3 con la participaci\u00f3n de las diferentes Unidades Especializadas de la Agencia de Seguridad como: Prevenci\u00f3n, Protecci\u00f3n y Atenci\u00f3n a la Violencia de G\u00e9nero; Polic\u00eda Cibern\u00e9tica; Polic\u00eda de Proximidad; Unidad Canina; Monitoreo A\u00e9reo (Drones); y de Atenci\u00f3n al Primer Respondiente. <br \/>Elementos del Cuerpo de Bomberos de Hidalgo, servicio m\u00e9dico y de peluquer\u00eda, complementaron el contingente que se instal\u00f3 en la explanada del plantel educativo, al servicio de la comunidad educativa. <br \/>Uriel Moreno, Comisario General de la Agencia de Seguridad Estatal, acompa\u00f1ado de Alicia Grande Olgu\u00edn, directora del instituto de educaci\u00f3n superior, encabezaron la actividad dirigida a m\u00e1s de dos mil estudiantes y 20 docentes que se integraron a los trabajos de proximidad y prevenci\u00f3n. <br \/>En su intervenci\u00f3n, el jefe policial agradeci\u00f3 la apertura de los directivos para con este espacio de interacci\u00f3n entre la Polic\u00eda y la comunidad estudiantil, adem\u00e1s de resaltar la importancia del acercamiento.<\/p>\n","protected":false},"excerpt":{"rendered":"<p>LA CELEBR\u00d3 LA SSPH<\/p>\n","protected":false},"author":93,"featured_media":0,"comment_status":"open","ping_status":"open","sticky":false,"template":"","format":"standard","meta":{"footnotes":""},"categories":[37],"tags":[],"class_list":["post-80146","post","type-post","status-publish","format-standard","hentry","category-barandilla"],"_links":{"self":[{"href":"https:\/\/plazajuarez.mx\/historico\/wp-json\/wp\/v2\/posts\/80146","targetHints":{"allow":["GET"]}}],"collection":[{"href":"https:\/\/plazajuarez.mx\/historico\/wp-json\/wp\/v2\/posts"}],"about":[{"href":"https:\/\/plazajuarez.mx\/historico\/wp-json\/wp\/v2\/types\/post"}],"author":[{"embeddable":true,"href":"https:\/\/plazajuarez.mx\/historico\/wp-json\/wp\/v2\/users\/93"}],"replies":[{"embeddable":true,"href":"https:\/\/plazajuarez.mx\/historico\/wp-json\/wp\/v2\/comments?post=80146"}],"version-history":[{"count":0,"href":"https:\/\/plazajuarez.mx\/historico\/wp-json\/wp\/v2\/posts\/80146\/revisions"}],"wp:attachment":[{"href":"https:\/\/plazajuarez.mx\/historico\/wp-json\/wp\/v2\/media?parent=80146"}],"wp:term":[{"taxonomy":"category","embeddable":true,"href":"https:\/\/plazajuarez.mx\/historico\/wp-json\/wp\/v2\/categories?post=80146"},{"taxonomy":"post_tag","embeddable":true,"href":"https:\/\/plazajuarez.mx\/historico\/wp-json\/wp\/v2\/tags?post=80146"}],"curies":[{"name":"wp","href":"https:\/\/api.w.org\/{rel}","templated":true}]}}