{"id":79969,"date":"2019-03-07T18:49:11","date_gmt":"2019-03-07T18:49:11","guid":{"rendered":"http:\/\/plazajuarez.mx\/index\/index.php\/2019\/03\/07\/fuerte-discusion-entre-ramos-y-florentino-perez-segun-as-y-marca\/"},"modified":"2019-03-07T18:49:11","modified_gmt":"2019-03-07T18:49:11","slug":"fuerte-discusion-entre-ramos-y-florentino-perez-segun-as-y-marca","status":"publish","type":"post","link":"https:\/\/plazajuarez.mx\/historico\/fuerte-discusion-entre-ramos-y-florentino-perez-segun-as-y-marca\/","title":{"rendered":"Fuerte discusi\u00f3n entre Ramos y Florentino P\u00e9rez, seg\u00fan AS y Marca"},"content":{"rendered":"<p style=\"text-align: justify;\">Las cosas subieron de tono cuando Florentino le dijo a Ramos que lo echar\u00eda del equipo.<\/p>\n<p>  <!--more-->  <\/p>\n<p style=\"text-align: justify;\">Las cosas siguen empeorando en el Real Madrid. La humillaci\u00f3n que recibieron en la Champions League por el Ajax de Holanda dej\u00f3 un vestidor tambaleante.<\/p>\n<p style=\"text-align: justify;\">Despu\u00e9s de la dolorosa eliminaci\u00f3n en los octavos de final de la Champions League, la &#8220;bomba&#8221; estall\u00f3 en el seno del Real Madrid, seg\u00fan diarios espa\u00f1oles. El presidente, Florentino P\u00e9rez, baj\u00f3 al vestidor despu\u00e9s del partido ante el Ajax y culp\u00f3 a los futbolistas del fracaso en la Liga de Campeones.<\/p>\n<p style=\"text-align: justify;\">De acuerdo con AS y Marca, el capit\u00e1n del equipo blanco, Sergio Ramos, respondi\u00f3 a las acusaciones y dijo que la culpa no era \u00fanicamente de los jugadores, adem\u00e1s de recordarle que debi\u00f3 contratar a un delantero desde el mercado de invierno.<\/p>\n<p style=\"text-align: justify;\">Las cosas subieron de tono cuando Florentino le dijo a Ramos que lo echar\u00eda del equipo. Sergio no se qued\u00f3 callado y le dijo &#8220;que le pagara lo que le resta de contrato y se ir\u00eda con la cabeza en alto&#8221;.<\/p>\n<p style=\"text-align: justify;\">El Real Madrid est\u00e1 eliminado de la Champions League, de la Copa del Rey y en la Liga se encuentra a 12 puntos del puntero Barcelona.<\/p>\n","protected":false},"excerpt":{"rendered":"<p>Las cosas subieron de tono cuando Florentino le dijo a Ramos que lo echar\u00eda del equipo.<\/p>\n","protected":false},"author":1,"featured_media":0,"comment_status":"open","ping_status":"open","sticky":false,"template":"","format":"standard","meta":{"footnotes":""},"categories":[39],"tags":[],"class_list":["post-79969","post","type-post","status-publish","format-standard","hentry","category-deportiva"],"_links":{"self":[{"href":"https:\/\/plazajuarez.mx\/historico\/wp-json\/wp\/v2\/posts\/79969","targetHints":{"allow":["GET"]}}],"collection":[{"href":"https:\/\/plazajuarez.mx\/historico\/wp-json\/wp\/v2\/posts"}],"about":[{"href":"https:\/\/plazajuarez.mx\/historico\/wp-json\/wp\/v2\/types\/post"}],"author":[{"embeddable":true,"href":"https:\/\/plazajuarez.mx\/historico\/wp-json\/wp\/v2\/users\/1"}],"replies":[{"embeddable":true,"href":"https:\/\/plazajuarez.mx\/historico\/wp-json\/wp\/v2\/comments?post=79969"}],"version-history":[{"count":0,"href":"https:\/\/plazajuarez.mx\/historico\/wp-json\/wp\/v2\/posts\/79969\/revisions"}],"wp:attachment":[{"href":"https:\/\/plazajuarez.mx\/historico\/wp-json\/wp\/v2\/media?parent=79969"}],"wp:term":[{"taxonomy":"category","embeddable":true,"href":"https:\/\/plazajuarez.mx\/historico\/wp-json\/wp\/v2\/categories?post=79969"},{"taxonomy":"post_tag","embeddable":true,"href":"https:\/\/plazajuarez.mx\/historico\/wp-json\/wp\/v2\/tags?post=79969"}],"curies":[{"name":"wp","href":"https:\/\/api.w.org\/{rel}","templated":true}]}}