{"id":79968,"date":"2019-03-07T18:35:39","date_gmt":"2019-03-07T18:35:39","guid":{"rendered":"http:\/\/plazajuarez.mx\/index\/index.php\/2019\/03\/07\/el-lunes-se-publicara-decreto-para-creacion-de-la-guardia-nacional\/"},"modified":"2019-03-07T18:35:39","modified_gmt":"2019-03-07T18:35:39","slug":"el-lunes-se-publicara-decreto-para-creacion-de-la-guardia-nacional","status":"publish","type":"post","link":"https:\/\/plazajuarez.mx\/historico\/el-lunes-se-publicara-decreto-para-creacion-de-la-guardia-nacional\/","title":{"rendered":"El lunes se publicar\u00e1 decreto para creaci\u00f3n de la Guardia Nacional"},"content":{"rendered":"<p style=\"text-align: justify;\">El encargado de la seguridad del pa\u00eds coment\u00f3 que junto con la Secretar\u00eda de Gobernaci\u00f3n, la Consejer\u00eda Jur\u00eddica de la Presidencia, la Secretar\u00eda de la Defensa Nacional, la Secretar\u00eda de Marina, y la Polic\u00eda Federal, trabajan en la redacci\u00f3n de las leyes secundarias.<\/p>\n<p>  <!--more-->  <\/p>\n<p style=\"text-align: justify;\">El pr\u00f3ximo lunes el gobierno del presidente Andr\u00e9s Manuel L\u00f3pez Obrador podr\u00eda publicar el decreto de reforma constitucional con el cual se crea la Guardia Nacional, una vez que tenga el aval de todos los Congresos locales, anunci\u00f3 el secretario de Seguridad P\u00fablica, Alfonso Durazo Monta\u00f1o.<\/p>\n<p style=\"text-align: justify;\">&#8220;Esperamos hacerlo antes del pr\u00f3ximo lunes, si ello no es posible, si no ha concluido el proceso de todos los Congresos locales. De todas maneras, en t\u00e9rminos pr\u00e1cticos la Guardia Nacional goza de existencia constitucional&#8221;, dijo.<\/p>\n<p style=\"text-align: justify;\">En entrevista, en Palacio Nacional, el funcionario federal expres\u00f3 que ya trabajan en las leyes secundarias de este nuevo cuerpo de seguridad que podr\u00edan ser presentadas en este periodo ordinario de sesiones.<\/p>\n<p style=\"text-align: justify;\">&#8220;Primero, vamos a ver en qu\u00e9 momento las presentamos, no vamos a precipitar el proceso, pero les digo que vamos muy adelantados y si aspirar\u00edamos a que fuese en este mismo periodo que pudi\u00e9ramos concluir toda la parte legislativa de la creaci\u00f3n de la Guardia Nacional&#8221;, dijo.<\/p>\n<p style=\"text-align: justify;\">Record\u00f3 que como parte de la ruta cr\u00edtica para la conformaci\u00f3n operativa de la Guardia Nacional, est\u00e1 por lograrse el primer cap\u00edtulo relacionado con la parte legislativa.<\/p>\n<p style=\"text-align: justify;\">&#8220;Sigue el cap\u00edtulo presupuestal para que la Guardia pueda operar; el de car\u00e1cter administrativo relacionado con estructuras y plazas; y luego en la parte jur\u00eddica, todos los reglamentos, protocolos, la Ley para el Uso de la Fuerza y la Ley para el Registro Nacional de Detenidos.<\/p>\n<p style=\"text-align: justify;\">El encargado de la seguridad del pa\u00eds coment\u00f3 que junto con la Secretar\u00eda de Gobernaci\u00f3n, la Consejer\u00eda Jur\u00eddica de la Presidencia, la Secretar\u00eda de la Defensa Nacional, la Secretar\u00eda de Marina, y la Polic\u00eda Federal, trabajan en la redacci\u00f3n de las leyes secundarias.<\/p>\n","protected":false},"excerpt":{"rendered":"<p>El encargado de la seguridad del pa\u00eds coment\u00f3 que junto con la Secretar\u00eda de Gobernaci\u00f3n, la Consejer\u00eda Jur\u00eddica de la Presidencia, la Secretar\u00eda de la Defensa Nacional, la Secretar\u00eda de Marina, y la Polic\u00eda Federal, trabajan en la redacci\u00f3n de las leyes secundarias.<\/p>\n","protected":false},"author":1,"featured_media":0,"comment_status":"open","ping_status":"open","sticky":false,"template":"","format":"standard","meta":{"footnotes":""},"categories":[36],"tags":[],"class_list":["post-79968","post","type-post","status-publish","format-standard","hentry","category-nacion"],"_links":{"self":[{"href":"https:\/\/plazajuarez.mx\/historico\/wp-json\/wp\/v2\/posts\/79968","targetHints":{"allow":["GET"]}}],"collection":[{"href":"https:\/\/plazajuarez.mx\/historico\/wp-json\/wp\/v2\/posts"}],"about":[{"href":"https:\/\/plazajuarez.mx\/historico\/wp-json\/wp\/v2\/types\/post"}],"author":[{"embeddable":true,"href":"https:\/\/plazajuarez.mx\/historico\/wp-json\/wp\/v2\/users\/1"}],"replies":[{"embeddable":true,"href":"https:\/\/plazajuarez.mx\/historico\/wp-json\/wp\/v2\/comments?post=79968"}],"version-history":[{"count":0,"href":"https:\/\/plazajuarez.mx\/historico\/wp-json\/wp\/v2\/posts\/79968\/revisions"}],"wp:attachment":[{"href":"https:\/\/plazajuarez.mx\/historico\/wp-json\/wp\/v2\/media?parent=79968"}],"wp:term":[{"taxonomy":"category","embeddable":true,"href":"https:\/\/plazajuarez.mx\/historico\/wp-json\/wp\/v2\/categories?post=79968"},{"taxonomy":"post_tag","embeddable":true,"href":"https:\/\/plazajuarez.mx\/historico\/wp-json\/wp\/v2\/tags?post=79968"}],"curies":[{"name":"wp","href":"https:\/\/api.w.org\/{rel}","templated":true}]}}