{"id":79956,"date":"2019-03-07T14:53:42","date_gmt":"2019-03-07T14:53:42","guid":{"rendered":"http:\/\/plazajuarez.mx\/index\/index.php\/2019\/03\/07\/arata-isozaki-gana-el-pritzker\/"},"modified":"2019-03-07T14:53:42","modified_gmt":"2019-03-07T14:53:42","slug":"arata-isozaki-gana-el-pritzker","status":"publish","type":"post","link":"https:\/\/plazajuarez.mx\/historico\/arata-isozaki-gana-el-pritzker\/","title":{"rendered":"Arata Isozaki gana el Pritzker"},"content":{"rendered":"<p>\u00a0\u00a0 \u2022\u00a0\u00a0 \u00a0El arquitecto nip\u00f3n es galardonado con el premio considerado el \u201cNobel\u201d de su disciplina; entre sus obras destaca el National Convention Center de Qatar y el famoso Palau Sant Jordi, en Barcelona\u2028<\/p>\n<p>  <!--more-->  <\/p>\n<p>El japon\u00e9s Arata Isozaki, cuyo trabajo muestra influencias tanto de Oriente como de Occidente, fue elegido como ganador del prestigioso premio Pritzker, considerado el equivalente al Premio Nobel de arquitectura.<br \/>Con 87 a\u00f1os, Isozaki ha dise\u00f1ado edificios con muy diferentes destinos y funciones, desde la enorme arena cubierta del Palau Sant Jordi para los Juegos Ol\u00edmpicos de Barcelona en 1992 hasta el Museum of Contemporary Art de Los \u00c1ngeles (1986) y el National Convention Center de Qatar (2011), entre muchos otros.<br \/>El galard\u00f3n ser\u00e1 entregado en mayo en una ceremonia en Par\u00eds cuya fecha exacta no ha sido divulgada, seg\u00fan un comunicado publicado por miembros del jurado.<br \/>Isozaki, el octavo japon\u00e9s en recibir este galard\u00f3n desde su creaci\u00f3n en 1979, es considerado uno de los primeros arquitectos de ese pa\u00eds en volver la mirada a Occidente, especialmente como resultado de numerosas giras de estudios. \u201cMe preguntaba constantemente: \u00bfqu\u00e9 es la arquitectura?\u201d, cont\u00f3, citado en el comunicado que dio a conocer al ganador del premio Pritzker 2019, acerca de los viajes que lo llevaron a Estados Unidos, China y Medio Oriente.<br \/>Y explic\u00f3 que este inter\u00e9s por la diversidad, en parte, hab\u00eda surgido en su juventud, marcada por una mezcla del tradicionalismo japon\u00e9s y la influencia de la cultura de Estados Unidos, que los soldados de ese pa\u00eds inocularon en el archipi\u00e9lago durante la ocupaci\u00f3n despu\u00e9s de la Segunda Guerra Mundial. Sobre todo, le inquietaba el contraste entre los c\u00f3digos de est\u00e9tica y la belleza de estos dos pa\u00edses.<br \/>\u00a0\u201cIsozaki ha sido un pionero en su comprensi\u00f3n de que la arquitectura es al mismo tiempo global y local, que estas dos fuerzas son parte del mismo desaf\u00edo\u201d, declar\u00f3 el presidente del jurado del Premio Pritzker, Stephen Breyer, citado en el comunicado.<br \/>El arquitecto, de cabellos blancos peinados hacia atr\u00e1s y siempre ataviado con camisas de cuello Mao, ha realizado proyectos en cuatro continentes, desde recintos deportivos hasta edificios de oficinas y museos.<br \/>Su filosof\u00eda es una extensi\u00f3n de la de su mentor, Kenzo Tange, un arquitecto modernista que tambi\u00e9n ha sembrado sus construcciones por todo el mundo.<br \/>Adem\u00e1s de su cosmopolitismo, Isozaki es conocido por no haber tratado nunca de afirmarse en un solo estilo, sino de intentar integrar su arquitectura a los lugares donde ha erigido sus obras. \u201cLo que me gusta es crear cosas diferentes, no repetir lo mismo\u201d, explic\u00f3 en noviembre de 2017 en el sitio web especializado ArchDaily.<br \/>Esas dos grandes premisas de su obra, el cosmopolitismo y el deseo de mezclarse con su entorno, se plasman en el Palau Sant Jordi. Finalizado en 1990, en el per\u00edodo previo a los Juegos Ol\u00edmpicos, edificio que recibi\u00f3 espec\u00edficamente las competencias de gimnasia. El recinto est\u00e1 parcialmente enterrado y aparece solo como un elemento del Montjuic, la colina que domina un costado de Barcelona y donde se emplaza el Palau.<br \/>En cuanto al estilo del edificio, mezcla la inspiraci\u00f3n de azulejos invertidos, o \u201cespanta bruixes\u201d, t\u00edpicos de Catalu\u00f1a, con una c\u00fapula redondeada, del estilo de las que se usan a menudo en la arquitectura budista.<br \/>En Jap\u00f3n, entre los grandes monumentos de Isozaki se encuentra el Museo de Arte Municipal de Kitakyushu (1974) y el Sal\u00f3n Municipal de Kamioka (1978), ambos testimonios de su eclecticismo: el primero se configura todo en \u00e1ngulos y l\u00edneas rectas y el segundo es redondeado y curvo.<br \/>El arquitecto tambi\u00e9n est\u00e1 muy apegado al \u201cMa\u201d, un concepto est\u00e9tico japon\u00e9s que corresponde al sentido humano del espacio y la percepci\u00f3n de este espacio como la separaci\u00f3n o el intervalo entre dos objetos.<br \/>Isozaki sucede al indio Balkrishna Doshi, premiado el a\u00f1o pasado a la edad de 90 a\u00f1os.<\/p>\n<p><\/p>\n","protected":false},"excerpt":{"rendered":"<p>\u00a0\u00a0 \u2022\u00a0\u00a0 \u00a0El arquitecto nip\u00f3n es galardonado con el premio considerado el \u201cNobel\u201d de su disciplina; entre sus obras destaca el National Convention Center de Qatar y el famoso Palau Sant Jordi, en Barcelona\u2028<\/p>\n","protected":false},"author":93,"featured_media":0,"comment_status":"open","ping_status":"open","sticky":false,"template":"","format":"standard","meta":{"footnotes":""},"categories":[41],"tags":[],"class_list":["post-79956","post","type-post","status-publish","format-standard","hentry","category-arteria-cultural"],"_links":{"self":[{"href":"https:\/\/plazajuarez.mx\/historico\/wp-json\/wp\/v2\/posts\/79956","targetHints":{"allow":["GET"]}}],"collection":[{"href":"https:\/\/plazajuarez.mx\/historico\/wp-json\/wp\/v2\/posts"}],"about":[{"href":"https:\/\/plazajuarez.mx\/historico\/wp-json\/wp\/v2\/types\/post"}],"author":[{"embeddable":true,"href":"https:\/\/plazajuarez.mx\/historico\/wp-json\/wp\/v2\/users\/93"}],"replies":[{"embeddable":true,"href":"https:\/\/plazajuarez.mx\/historico\/wp-json\/wp\/v2\/comments?post=79956"}],"version-history":[{"count":0,"href":"https:\/\/plazajuarez.mx\/historico\/wp-json\/wp\/v2\/posts\/79956\/revisions"}],"wp:attachment":[{"href":"https:\/\/plazajuarez.mx\/historico\/wp-json\/wp\/v2\/media?parent=79956"}],"wp:term":[{"taxonomy":"category","embeddable":true,"href":"https:\/\/plazajuarez.mx\/historico\/wp-json\/wp\/v2\/categories?post=79956"},{"taxonomy":"post_tag","embeddable":true,"href":"https:\/\/plazajuarez.mx\/historico\/wp-json\/wp\/v2\/tags?post=79956"}],"curies":[{"name":"wp","href":"https:\/\/api.w.org\/{rel}","templated":true}]}}