{"id":79946,"date":"2019-03-07T14:49:19","date_gmt":"2019-03-07T14:49:19","guid":{"rendered":"http:\/\/plazajuarez.mx\/index\/index.php\/2019\/03\/07\/asesinado-uno-mas-en-la-region-de-tula\/"},"modified":"2019-03-07T14:49:19","modified_gmt":"2019-03-07T14:49:19","slug":"asesinado-uno-mas-en-la-region-de-tula","status":"publish","type":"post","link":"https:\/\/plazajuarez.mx\/historico\/asesinado-uno-mas-en-la-region-de-tula\/","title":{"rendered":"ASESINADO, UNO   M\u00c1S, EN LA REGI\u00d3N DE TULA"},"content":{"rendered":"<p>ULTIMADO DESDE UNA CAMIONETA<\/p>\n<p>  <!--more-->  <\/p>\n<p>La violencia en la regi\u00f3n de Tula de Allende no cede. La noche del martes, sujetos armados, desde una camioneta en movimiento, balearon a un hombre, quien muri\u00f3 al interior de su autom\u00f3vil, cuando circulaba por la carretera Tula-Tepetitl\u00e1n.<br \/>La informaci\u00f3n que se dio indica que la v\u00edctima viajaba a bordo de un autom\u00f3vil Nissan Versa, color blanco, con placas de circulaci\u00f3n UME-723-A, del estado de Quer\u00e9taro.<br \/>El mortal ataque sucedi\u00f3 casi al llegar a la comunidad de Santa Ana Ahuehuepan, donde el veh\u00edculo que tripulaba la v\u00edctima detuvo su carrera al impactarse contra la barda de un establecimiento comercial.<br \/>Se dijo que fueron varios sujetos que viajaban en una camioneta Chevrolet Captiva gris, los que le dispararon a quien fue identificado con el nombre de Carlos \u201cN\u201d \u201cN\u201d, muerto en el mismo lugar.<br \/>Tomaron conocimiento elementos de la Polic\u00eda Municipal, as\u00ed como oficiales de la Agencia de Seguridad del estado de Hidalgo, quienes acordonaron el \u00e1rea para permitir el libre actuar del personal de la Procuradur\u00eda de Hidalgo.<\/p>\n","protected":false},"excerpt":{"rendered":"<p>ULTIMADO DESDE UNA CAMIONETA<\/p>\n","protected":false},"author":93,"featured_media":0,"comment_status":"open","ping_status":"open","sticky":false,"template":"","format":"standard","meta":{"footnotes":""},"categories":[37],"tags":[],"class_list":["post-79946","post","type-post","status-publish","format-standard","hentry","category-barandilla"],"_links":{"self":[{"href":"https:\/\/plazajuarez.mx\/historico\/wp-json\/wp\/v2\/posts\/79946","targetHints":{"allow":["GET"]}}],"collection":[{"href":"https:\/\/plazajuarez.mx\/historico\/wp-json\/wp\/v2\/posts"}],"about":[{"href":"https:\/\/plazajuarez.mx\/historico\/wp-json\/wp\/v2\/types\/post"}],"author":[{"embeddable":true,"href":"https:\/\/plazajuarez.mx\/historico\/wp-json\/wp\/v2\/users\/93"}],"replies":[{"embeddable":true,"href":"https:\/\/plazajuarez.mx\/historico\/wp-json\/wp\/v2\/comments?post=79946"}],"version-history":[{"count":0,"href":"https:\/\/plazajuarez.mx\/historico\/wp-json\/wp\/v2\/posts\/79946\/revisions"}],"wp:attachment":[{"href":"https:\/\/plazajuarez.mx\/historico\/wp-json\/wp\/v2\/media?parent=79946"}],"wp:term":[{"taxonomy":"category","embeddable":true,"href":"https:\/\/plazajuarez.mx\/historico\/wp-json\/wp\/v2\/categories?post=79946"},{"taxonomy":"post_tag","embeddable":true,"href":"https:\/\/plazajuarez.mx\/historico\/wp-json\/wp\/v2\/tags?post=79946"}],"curies":[{"name":"wp","href":"https:\/\/api.w.org\/{rel}","templated":true}]}}