{"id":79945,"date":"2019-03-07T14:48:30","date_gmt":"2019-03-07T14:48:30","guid":{"rendered":"http:\/\/plazajuarez.mx\/index\/index.php\/2019\/03\/07\/brujo-fue-a-parar-a-la-carcel-por-un-presunto-abuso-sexual\/"},"modified":"2019-03-07T14:48:30","modified_gmt":"2019-03-07T14:48:30","slug":"brujo-fue-a-parar-a-la-carcel-por-un-presunto-abuso-sexual","status":"publish","type":"post","link":"https:\/\/plazajuarez.mx\/historico\/brujo-fue-a-parar-a-la-carcel-por-un-presunto-abuso-sexual\/","title":{"rendered":"BRUJO FUE A PARAR A LA C\u00c1RCEL POR UN PRESUNTO ABUSO SEXUAL"},"content":{"rendered":"<p>APAN<\/p>\n<p>  <!--more-->  <\/p>\n<p>Los padres de las afectadas acudieron al Ministerio P\u00fablico a denunciar que sus hijas fueron con el hechicero para que les hiciera una limpia<br \/>Tras hacer una denuncia por parte de j\u00f3venes mujeres, elementos polic\u00edacos atraparon a un brujo, \u00a0al que se le imputa el haber abusado sexualmente de una de ellas; luego de su detenci\u00f3n, el individuo fue ingresado al Centro de Reinserci\u00f3n Social de Apan, donde enfrenta proceso penal para definir su situaci\u00f3n legal.<br \/>Fueron los padres de las afectadas, quienes acudieron a la agencia del Ministerio P\u00fablico a denunciar que sus hijas fueron con el hechicero de 45 a\u00f1os para que les hiciera una limpia, pero \u00e9ste abus\u00f3 sexualmente de una y a la otra la hizo que se quitar\u00e1 la ropa para toquetearla, por lo que se inici\u00f3 la carpeta de investigaci\u00f3n.<br \/>En la declaraci\u00f3n de la joven que fue violada, \u00e9sta refiri\u00f3 al Ministerio P\u00fablico que el sujeto la hizo que se desnudar\u00e1 completamente, pero luego la someti\u00f3 y abus\u00f3 de ella.<br \/>En tanto la hermana revel\u00f3 que el presunto brujo le dijo que se quitar\u00e1 la ropa, pero durante la limpia que le practicaba, la empez\u00f3 a tocar en sus partes \u00edntimas, adem\u00e1s de que repentinamente la mordi\u00f3, por lo que como pudo se liber\u00f3 del tipo y logr\u00f3 escapar a su sucio proceder.<\/p>\n","protected":false},"excerpt":{"rendered":"<p>APAN<\/p>\n","protected":false},"author":93,"featured_media":0,"comment_status":"open","ping_status":"open","sticky":false,"template":"","format":"standard","meta":{"footnotes":""},"categories":[37],"tags":[],"class_list":["post-79945","post","type-post","status-publish","format-standard","hentry","category-barandilla"],"_links":{"self":[{"href":"https:\/\/plazajuarez.mx\/historico\/wp-json\/wp\/v2\/posts\/79945","targetHints":{"allow":["GET"]}}],"collection":[{"href":"https:\/\/plazajuarez.mx\/historico\/wp-json\/wp\/v2\/posts"}],"about":[{"href":"https:\/\/plazajuarez.mx\/historico\/wp-json\/wp\/v2\/types\/post"}],"author":[{"embeddable":true,"href":"https:\/\/plazajuarez.mx\/historico\/wp-json\/wp\/v2\/users\/93"}],"replies":[{"embeddable":true,"href":"https:\/\/plazajuarez.mx\/historico\/wp-json\/wp\/v2\/comments?post=79945"}],"version-history":[{"count":0,"href":"https:\/\/plazajuarez.mx\/historico\/wp-json\/wp\/v2\/posts\/79945\/revisions"}],"wp:attachment":[{"href":"https:\/\/plazajuarez.mx\/historico\/wp-json\/wp\/v2\/media?parent=79945"}],"wp:term":[{"taxonomy":"category","embeddable":true,"href":"https:\/\/plazajuarez.mx\/historico\/wp-json\/wp\/v2\/categories?post=79945"},{"taxonomy":"post_tag","embeddable":true,"href":"https:\/\/plazajuarez.mx\/historico\/wp-json\/wp\/v2\/tags?post=79945"}],"curies":[{"name":"wp","href":"https:\/\/api.w.org\/{rel}","templated":true}]}}