{"id":79427,"date":"2019-02-25T13:56:16","date_gmt":"2019-02-25T13:56:16","guid":{"rendered":"http:\/\/plazajuarez.mx\/index\/index.php\/2019\/02\/25\/flamazo-y-dos-resultan-con-heridas-de-gravedad\/"},"modified":"2019-02-25T13:56:16","modified_gmt":"2019-02-25T13:56:16","slug":"flamazo-y-dos-resultan-con-heridas-de-gravedad","status":"publish","type":"post","link":"https:\/\/plazajuarez.mx\/historico\/flamazo-y-dos-resultan-con-heridas-de-gravedad\/","title":{"rendered":"FLAMAZO Y DOS RESULTAN CON HERIDAS DE GRAVEDAD"},"content":{"rendered":"<p>EN LOCAL DE COMIDA DEL COLOSIO<\/p>\n<p>  <!--more-->  <\/p>\n<p>La ma\u00f1ana de ayer dos personas resultaron lesionadas al sufrir quemaduras por un flamazo de un cilindro de gas L.P., en un establecimiento de comida del bulevar Colosio, ello al exterior de la cl\u00ednica Interm\u00e9dica, de Arboledas de San Javier de Pachuca.<br \/>Fue a las 10:45, cuando al 911 de Emergencias se report\u00f3 la contingencia y solicitaron la intervenci\u00f3n de socorristas para auxiliar a los lesionados.<br \/>Al lugar acudieron las unidades UR-1 y UR-999 de Protecci\u00f3n Civil Municipal, cuyo personal brind\u00f3 las primeras atenciones a los afectados y realizaron traslado a la cl\u00ednica del ISSSTE de I.A.M., de 55 a\u00f1os, con quemaduras en el 20 por ciento de su cuerpo y de Y.M.O., de 54 a\u00f1os, que sufri\u00f3 quemaduras de primer grado en la cara.<br \/>Protecci\u00f3n Civil de Pachuca y Cuerpo de Bomberos de Hidalgo reportaron que el incendio se gener\u00f3 en los puestos de comida por fallas en el regulador de un tanque de gas LP de 20 kilogramos y finalmente la contingencia fue sofocada.<\/p>\n","protected":false},"excerpt":{"rendered":"<p>EN LOCAL DE COMIDA DEL COLOSIO<\/p>\n","protected":false},"author":93,"featured_media":0,"comment_status":"open","ping_status":"open","sticky":false,"template":"","format":"standard","meta":{"footnotes":""},"categories":[37],"tags":[],"class_list":["post-79427","post","type-post","status-publish","format-standard","hentry","category-barandilla"],"_links":{"self":[{"href":"https:\/\/plazajuarez.mx\/historico\/wp-json\/wp\/v2\/posts\/79427","targetHints":{"allow":["GET"]}}],"collection":[{"href":"https:\/\/plazajuarez.mx\/historico\/wp-json\/wp\/v2\/posts"}],"about":[{"href":"https:\/\/plazajuarez.mx\/historico\/wp-json\/wp\/v2\/types\/post"}],"author":[{"embeddable":true,"href":"https:\/\/plazajuarez.mx\/historico\/wp-json\/wp\/v2\/users\/93"}],"replies":[{"embeddable":true,"href":"https:\/\/plazajuarez.mx\/historico\/wp-json\/wp\/v2\/comments?post=79427"}],"version-history":[{"count":0,"href":"https:\/\/plazajuarez.mx\/historico\/wp-json\/wp\/v2\/posts\/79427\/revisions"}],"wp:attachment":[{"href":"https:\/\/plazajuarez.mx\/historico\/wp-json\/wp\/v2\/media?parent=79427"}],"wp:term":[{"taxonomy":"category","embeddable":true,"href":"https:\/\/plazajuarez.mx\/historico\/wp-json\/wp\/v2\/categories?post=79427"},{"taxonomy":"post_tag","embeddable":true,"href":"https:\/\/plazajuarez.mx\/historico\/wp-json\/wp\/v2\/tags?post=79427"}],"curies":[{"name":"wp","href":"https:\/\/api.w.org\/{rel}","templated":true}]}}