{"id":79426,"date":"2019-02-25T13:55:55","date_gmt":"2019-02-25T13:55:55","guid":{"rendered":"http:\/\/plazajuarez.mx\/index\/index.php\/2019\/02\/25\/hallaron-a-hombre-colgado-de-un-cable\/"},"modified":"2019-02-25T13:55:55","modified_gmt":"2019-02-25T13:55:55","slug":"hallaron-a-hombre-colgado-de-un-cable","status":"publish","type":"post","link":"https:\/\/plazajuarez.mx\/historico\/hallaron-a-hombre-colgado-de-un-cable\/","title":{"rendered":"HALLARON A HOMBRE COLGADO DE UN CABLE"},"content":{"rendered":"<p>EN TEPEJI DEL R\u00cdO <\/p>\n<p>  <!--more-->  <\/p>\n<p>Ayer se report\u00f3 el hallazgo de un hombre colgado del cuello, con un cable atado a una estructura en el patio de una vivienda de la colonia Noxtongo de Tepeji del R\u00edo, por lo que efectivos polic\u00edacos acudieron al lugar para corroborar el hecho que cobr\u00f3 la vida del infortunado.<br \/>Una llamada que se hizo al 911 de Emergencias, alert\u00f3 sobre el suicidio de un hombre, cuyas causas que lo orillaron a tomar la fatal determinaci\u00f3n se desconocen, ya que en el lugar no se encontr\u00f3 recado p\u00f3stumo.<br \/>En el lugar se tuvo presencia de uniformados de la Polic\u00eda Municipal de Tepeji del R\u00edo, as\u00ed como de oficiales de la Agencia de Seguridad del estado de Hidalgo, quienes tomaron conocimiento de la tragedia.<br \/>Toc\u00f3 al personal de Protecci\u00f3n Civil y Bomberos de Tepeji prestar apoyo en la contingencia, donde se confirm\u00f3 el deceso de una persona del sexo masculino de aproximadamente 23 a\u00f1os de edad.<br \/>Fueron familiares del ahora occiso, quienes dieron a conocer que lo encontraron colgando de un cable \u00a0y sin signos vitales, el sujeto vest\u00eda pantal\u00f3n de mezclilla y camisa azul, del cual refirieron que en vida respond\u00eda al nombre con las iniciales A. S. C. B.<\/p>\n","protected":false},"excerpt":{"rendered":"<p>EN TEPEJI DEL R\u00cdO<\/p>\n","protected":false},"author":93,"featured_media":0,"comment_status":"open","ping_status":"open","sticky":false,"template":"","format":"standard","meta":{"footnotes":""},"categories":[37],"tags":[],"class_list":["post-79426","post","type-post","status-publish","format-standard","hentry","category-barandilla"],"_links":{"self":[{"href":"https:\/\/plazajuarez.mx\/historico\/wp-json\/wp\/v2\/posts\/79426","targetHints":{"allow":["GET"]}}],"collection":[{"href":"https:\/\/plazajuarez.mx\/historico\/wp-json\/wp\/v2\/posts"}],"about":[{"href":"https:\/\/plazajuarez.mx\/historico\/wp-json\/wp\/v2\/types\/post"}],"author":[{"embeddable":true,"href":"https:\/\/plazajuarez.mx\/historico\/wp-json\/wp\/v2\/users\/93"}],"replies":[{"embeddable":true,"href":"https:\/\/plazajuarez.mx\/historico\/wp-json\/wp\/v2\/comments?post=79426"}],"version-history":[{"count":0,"href":"https:\/\/plazajuarez.mx\/historico\/wp-json\/wp\/v2\/posts\/79426\/revisions"}],"wp:attachment":[{"href":"https:\/\/plazajuarez.mx\/historico\/wp-json\/wp\/v2\/media?parent=79426"}],"wp:term":[{"taxonomy":"category","embeddable":true,"href":"https:\/\/plazajuarez.mx\/historico\/wp-json\/wp\/v2\/categories?post=79426"},{"taxonomy":"post_tag","embeddable":true,"href":"https:\/\/plazajuarez.mx\/historico\/wp-json\/wp\/v2\/tags?post=79426"}],"curies":[{"name":"wp","href":"https:\/\/api.w.org\/{rel}","templated":true}]}}