{"id":79355,"date":"2019-02-21T19:51:25","date_gmt":"2019-02-21T19:51:25","guid":{"rendered":"http:\/\/plazajuarez.mx\/index\/index.php\/2019\/02\/21\/conmemoran-encuentro-de-jovenes-lectores\/"},"modified":"2019-02-21T19:51:25","modified_gmt":"2019-02-21T19:51:25","slug":"conmemoran-encuentro-de-jovenes-lectores","status":"publish","type":"post","link":"https:\/\/plazajuarez.mx\/historico\/conmemoran-encuentro-de-jovenes-lectores\/","title":{"rendered":"Conmemoran encuentro de j\u00f3venes lectores"},"content":{"rendered":"<p>La Confederaci\u00f3n de Asociaciones de J\u00f3venes Lectores y Escritores A.C. en Hidalgo nace hace tres a\u00f1os como club de lectura. <!--more--> <\/p>\n<p><p>  En entrevista para Diario Plaza Ju\u00e1rez, el presidente de la Confederaci\u00f3n de Asociaciones de J\u00f3venes Lectores y Escritores A.C. en Hidalgo, Mario Mu\u00f1iz Alonso inform\u00f3 que el pasado 16 de Febrero acudi\u00f3 al Senado de la Rep\u00fablica para conmemorar el encuentro nacional de asociaciones civiles promotoras de la lectura.<\/p>\n<p> Destac\u00f3 que su asistencia a la C\u00e1mara Alta fue para instalar la primera mesa directiva de la ciudad de M\u00e9xico, en la que participaron alrededor de 32 asociaciones civiles que intervienen en esta importante labor.<\/p>\n<p> Record\u00f3 que la organizaci\u00f3n se fund\u00f3 hace tres a\u00f1os con el objetivo de crear un espacio para promover la lectura entre los j\u00f3venes; actualmente tienen presencia en 30 municipios incluyendo Tulancingo y Actopan, y la sede principal est\u00e1 en la capital hidalguense.<\/p>\n<p> Mu\u00f1iz Alonso coment\u00f3 que la confederaci\u00f3n comenz\u00f3 como un club de lectura que daba lugar al sector juvenil de Pachuca, sin dejar de lado a la poblaci\u00f3n en general, y que fue as\u00ed como naci\u00f3 la idea de poder formar una organizaci\u00f3n que permita ofrecer actividades dentro del rubro de la lectura y escritura.<\/p>\n<p>   En tanto, detall\u00f3 dentro de las acciones para el presente a\u00f1o, el primer encuentro nacional de j\u00f3venes lectores y escritores que se celebrar\u00e1 el 22 de Marzo en el Auditorio Gota de Plata, el cual incluir\u00e1 talleres, obras de teatro y conferencias.<\/p>\n<p> Destac\u00f3 que se trata de un evento totalmente gratuito en el que se espera la participaci\u00f3n de j\u00f3venes escritores de varios estados de la rep\u00fablica.<\/p>\n<p> Por \u00faltimo el presidente de la Asociaci\u00f3n invit\u00f3 a la sociedad civil a sumarse como voluntarios, y a los escritores dar a conocer sus obras, \u201cser\u00e1n totalmente recibidos para promover sus trabajos\u201d.<\/p>\n","protected":false},"excerpt":{"rendered":"<p>La Confederaci\u00f3n de Asociaciones de J\u00f3venes Lectores y Escritores A.C. en Hidalgo nace hace tres a\u00f1os como club de lectura.<\/p>\n","protected":false},"author":6,"featured_media":0,"comment_status":"open","ping_status":"open","sticky":false,"template":"","format":"standard","meta":{"footnotes":""},"categories":[59],"tags":[],"class_list":["post-79355","post","type-post","status-publish","format-standard","hentry","category-general"],"_links":{"self":[{"href":"https:\/\/plazajuarez.mx\/historico\/wp-json\/wp\/v2\/posts\/79355","targetHints":{"allow":["GET"]}}],"collection":[{"href":"https:\/\/plazajuarez.mx\/historico\/wp-json\/wp\/v2\/posts"}],"about":[{"href":"https:\/\/plazajuarez.mx\/historico\/wp-json\/wp\/v2\/types\/post"}],"author":[{"embeddable":true,"href":"https:\/\/plazajuarez.mx\/historico\/wp-json\/wp\/v2\/users\/6"}],"replies":[{"embeddable":true,"href":"https:\/\/plazajuarez.mx\/historico\/wp-json\/wp\/v2\/comments?post=79355"}],"version-history":[{"count":0,"href":"https:\/\/plazajuarez.mx\/historico\/wp-json\/wp\/v2\/posts\/79355\/revisions"}],"wp:attachment":[{"href":"https:\/\/plazajuarez.mx\/historico\/wp-json\/wp\/v2\/media?parent=79355"}],"wp:term":[{"taxonomy":"category","embeddable":true,"href":"https:\/\/plazajuarez.mx\/historico\/wp-json\/wp\/v2\/categories?post=79355"},{"taxonomy":"post_tag","embeddable":true,"href":"https:\/\/plazajuarez.mx\/historico\/wp-json\/wp\/v2\/tags?post=79355"}],"curies":[{"name":"wp","href":"https:\/\/api.w.org\/{rel}","templated":true}]}}