{"id":79289,"date":"2019-02-22T16:35:34","date_gmt":"2019-02-22T16:35:34","guid":{"rendered":"http:\/\/plazajuarez.mx\/index\/index.php\/2019\/02\/22\/muere-un-sicario-luego-de-un-enfrentamiento-armado-con-policias\/"},"modified":"2019-02-22T16:35:34","modified_gmt":"2019-02-22T16:35:34","slug":"muere-un-sicario-luego-de-un-enfrentamiento-armado-con-policias","status":"publish","type":"post","link":"https:\/\/plazajuarez.mx\/historico\/muere-un-sicario-luego-de-un-enfrentamiento-armado-con-policias\/","title":{"rendered":"MUERE UN SICARIO, LUEGO  DE UN ENFRENTAMIENTO  ARMADO CON POLIC\u00cdAS"},"content":{"rendered":"<p>\u00a0<\/p>\n<p>El secretario de Seguridad P\u00fablica de Quintana Roo, Jes\u00fas Alberto Capella Ibarra, dio a conocer que hubo un \u201cenfrentamiento en la Regi\u00f3n 201 con un polic\u00eda lesionado, detenido presunto multihomicida de hechos recientes en Benito Ju\u00e1rez, veh\u00edculos y armas decomisadas<\/p>\n<p>  <!--more-->  <\/p>\n<p>El resultado de la balacera entre polic\u00edas y delincuentes fue de cinco personas heridas y un muerto, \u00e9ste perteneciente al grupo de los malhechores, seg\u00fan fuentes de la polic\u00eda de Canc\u00fan, Quintana Roo.<\/p>\n<p>Los elementos se dirig\u00edan a atender un reporte de robo, pero al circular por calles del Fraccionamiento \u201cReal Las Quintas\u201d en la Regi\u00f3n 201, se toparon de frente con cinco sujetos en una camioneta Toyota gris, quienes empezaron a dispararles.<\/p>\n<p>Los uniformados respondieron al ataque, gener\u00e1ndose un enfrentamiento que termin\u00f3 con la captura de cuatro delincuentes, todos heridos de bala, de los que uno falleci\u00f3. El quinto pistolero huy\u00f3.<\/p>\n<p>Como da\u00f1o colateral dos mujeres resultaron heridas y fueron llevadas al Hospital General, donde se reportan estables.<\/p>\n<p>El secretario de Seguridad P\u00fablica de Quintana Roo, Jes\u00fas Alberto Capella Ibarra, inform\u00f3 que hubo un \u201cenfrentamiento en la Regi\u00f3n 201 con un polic\u00eda lesionado, detenido presunto multihomicida de hechos recientes en Benito Ju\u00e1rez, veh\u00edculos y armas decomisadas, trabajo con resultado del Grupo de Coordinaci\u00f3n Quintana Roo\u201d.<\/p>\n<p>El saldo es de tres sicarios detenidos, uno result\u00f3 lesionado y falleci\u00f3; un polic\u00eda estatal lesionado del hombro y dos mujeres de 63 y 64 a\u00f1os alcanzadas por balas perdidas.<\/p>\n<p>En la camioneta de \u00a0los sicarios, se aseguraron dos fusiles AR-15.<\/p>\n","protected":false},"excerpt":{"rendered":"<p>\u00a0 El secretario de Seguridad P\u00fablica de Quintana Roo, Jes\u00fas Alberto Capella Ibarra, dio a conocer que hubo un \u201cenfrentamiento en la Regi\u00f3n 201 con un polic\u00eda lesionado, detenido presunto multihomicida de hechos recientes en Benito Ju\u00e1rez, veh\u00edculos y armas decomisadas<\/p>\n","protected":false},"author":3,"featured_media":0,"comment_status":"open","ping_status":"open","sticky":false,"template":"","format":"standard","meta":{"footnotes":""},"categories":[37],"tags":[],"class_list":["post-79289","post","type-post","status-publish","format-standard","hentry","category-barandilla"],"_links":{"self":[{"href":"https:\/\/plazajuarez.mx\/historico\/wp-json\/wp\/v2\/posts\/79289","targetHints":{"allow":["GET"]}}],"collection":[{"href":"https:\/\/plazajuarez.mx\/historico\/wp-json\/wp\/v2\/posts"}],"about":[{"href":"https:\/\/plazajuarez.mx\/historico\/wp-json\/wp\/v2\/types\/post"}],"author":[{"embeddable":true,"href":"https:\/\/plazajuarez.mx\/historico\/wp-json\/wp\/v2\/users\/3"}],"replies":[{"embeddable":true,"href":"https:\/\/plazajuarez.mx\/historico\/wp-json\/wp\/v2\/comments?post=79289"}],"version-history":[{"count":0,"href":"https:\/\/plazajuarez.mx\/historico\/wp-json\/wp\/v2\/posts\/79289\/revisions"}],"wp:attachment":[{"href":"https:\/\/plazajuarez.mx\/historico\/wp-json\/wp\/v2\/media?parent=79289"}],"wp:term":[{"taxonomy":"category","embeddable":true,"href":"https:\/\/plazajuarez.mx\/historico\/wp-json\/wp\/v2\/categories?post=79289"},{"taxonomy":"post_tag","embeddable":true,"href":"https:\/\/plazajuarez.mx\/historico\/wp-json\/wp\/v2\/tags?post=79289"}],"curies":[{"name":"wp","href":"https:\/\/api.w.org\/{rel}","templated":true}]}}