{"id":79287,"date":"2019-02-22T16:33:09","date_gmt":"2019-02-22T16:33:09","guid":{"rendered":"http:\/\/plazajuarez.mx\/index\/index.php\/2019\/02\/22\/imaginar-el-secuestro-de-mi-hijo-me-quita-el-miedo\/"},"modified":"2019-02-22T16:33:09","modified_gmt":"2019-02-22T16:33:09","slug":"imaginar-el-secuestro-de-mi-hijo-me-quita-el-miedo","status":"publish","type":"post","link":"https:\/\/plazajuarez.mx\/historico\/imaginar-el-secuestro-de-mi-hijo-me-quita-el-miedo\/","title":{"rendered":"&#8220;IMAGINAR EL SECUESTRO DE  MI HIJO ME QUITA EL MIEDO&#8221;"},"content":{"rendered":"<p>\u00a0<\/p>\n<p>El jueves 24 de abril de 2008, fue cuando secuestraron al hijo de un activista en un supermercado del bulevar L\u00e1zaro C\u00e1rdenas, en Reynosa<\/p>\n<p>  <!--more-->  <\/p>\n<p>&#8220;Claro que tengo miedo, soy humano. Sin embargo, trato de imaginar el terror que vivi\u00f3 mi hijo cuando se lo llevaron y eso inmediatamente me quita el temor&#8221;, as\u00ed define el activista Geovanni Barrios, presidente del colectivo Justicia Tamaulipas, la fortaleza que lo mueve para continuar su lucha en la b\u00fasqueda de personas desaparecidas.<\/p>\n<p>La vida de este abogado de Reynosa dio un giro de 180 grados el jueves 24 de abril de 2008, cuando secuestraron a su hijo, tambi\u00e9n de nombre Geovanni Barrios, en un supermercado del bulevar L\u00e1zaro C\u00e1rdenas.<\/p>\n<p>&#8220;M\u00e1s de 15 personas fuertemente armadas llegaron en diferentes veh\u00edculos, entre ellos polic\u00edas estatales, municipales y delincuencia organizada&#8221;, comenta, y dice que lo supo hasta el d\u00eda siguiente, tras una llamada que le hizo su suegra.<\/p>\n<p>&#8220;Me llam\u00f3 como a las dos o tres de la madrugada para decirme que mi hijo no hab\u00eda llegado a Matamoros, pero como ten\u00edamos una casa all\u00e1 y \u00e9l ten\u00eda acceso, pens\u00e9 que estaba ah\u00ed. A las nueve o 10 de la ma\u00f1ana, un compa\u00f1ero abogado me dijo que se hab\u00eda enterado que en una gasolinera se hab\u00edan llevado a alguien, pero no sab\u00eda a qui\u00e9n&#8221;.<\/p>\n<p>Comenz\u00f3 a investigar y acudi\u00f3 al Ministerio P\u00fablico, donde le dijeron que no quer\u00edan problemas y que no pod\u00edan hacer algo para ayudarlo.<\/p>\n<p>&#8220;Intu\u00ed que algo pasaba. D\u00edas despu\u00e9s se comunic\u00f3 conmigo una se\u00f1ora y me dijo que era mam\u00e1 de uno de los muchachos que andaban con mi hijo, que le hab\u00edan llamado para pedirle dinero para soltarlo y que no presentara denuncias. Le dije que les pod\u00edamos dar el dinero, pero al cuarto d\u00eda perdimos comunicaci\u00f3n&#8221;.<\/p>\n<p>Geovanni cerr\u00f3 sus despachos porque, aunque no tiene enemigos, no sab\u00eda a ciencia cierta qu\u00e9 era lo que pasaba.<\/p>\n<p>&#8220;Nos trasladamos a Matamoros y buscamos a la se\u00f1ora. Nos dijo que no quer\u00eda problemas, que ya no quer\u00eda saber nada, que estaba enferma. Yo le pregunt\u00e9 qui\u00e9nes eran los que negociaban sobre nuestros hijos y lamentablemente no se pudo. Yo estaba destrozado. La \u00faltima vez que vi a mi hijo fue en Matamoros, porque est\u00e1bamos poniendo el piso de la casa, eso fue cuatro d\u00edas antes de que lo privaran de la libertad&#8221;.<\/p>\n<p>El secuestro de su hijo, como el de muchas otras personas, dijo, &#8220;es un acto cobarde, hecho por cobardes&#8221;.<\/p>\n<p>&#8220;S\u00e9 qui\u00e9nes fueron. Muchos ya est\u00e1n muertos, pero al menos quiero que pasen a la historia como lo que son. Sigo solicitando a la Subprocuradur\u00eda Especializada en Investigaci\u00f3n de Delincuencia Organizada (SEIDO), que es la dependencia encargada de la investigaci\u00f3n, hacer p\u00fablico qui\u00e9nes son los responsables, porque no es justo que pasen a la historia como exfuncionarios p\u00fablicos o polic\u00edas. Que pasen como lo que fueron: secuestradores, cobardes, asesinos&#8221;, asegura.<\/p>\n<p>Sobre si tiene la esperanza de que su hijo regrese vivo, dice que no: &#8220;Yo creo que Dios es grande; sin embargo, tenemos que ser realistas. Ellos no van a regresar, nosotros los vamos a regresar. Mi lucha es para regresar a nuestros familiares a su casa, no s\u00e9 cu\u00e1nto dure, pero es un objetivo que tengo determinado&#8221;.<\/p>\n<p>La Comisi\u00f3n Nacional de los Derechos Humanos emiti\u00f3 una opini\u00f3n para que se sancione a los fiscales que han llevado el caso de su hijo.<\/p>\n<p>Geovanni comenta que fund\u00f3 Justicia Tamaulipas despu\u00e9s de darse cuenta de que las autoridades no hac\u00edan su trabajo ni &#8220;absolutamente nada por cientos de familias que estaban en la misma situaci\u00f3n.<\/p>\n<p>&#8220;Yo quisiera regresar a mi vida de catedr\u00e1tico y de abogado litigante, pero esto que hago es porque debo hacerlo, no porque quiera. S\u00e9 que estoy limitado. Con Justicia Tamaulipas me llevar\u00e1 100 a\u00f1os, eso lo entend\u00ed, por eso busco un espacio en el que pueda tener las herramientas para encontrar a todas las personas desaparecidas, no s\u00f3lo de Reynosa, sino del estado y del pa\u00eds&#8221;, a\u00f1ade el fundador del colectivo de b\u00fasqueda de desaparecidos.<\/p>\n<p>Las cifras de personas desaparecidas en el pa\u00eds, explic\u00f3, no coinciden, puesto que mientras las autoridades dicen que son menos de 40 mil, Geovanni cuenta con datos oficiales de todas las procuradur\u00edas, los cuales muestran que tan s\u00f3lo en 10 estados hay m\u00e1s de 70 mil desaparecidos.<\/p>\n<p>&#8220;Yo voy a demostrar que se han dedicado a simular. Yo conf\u00edo en que en este nuevo gobierno no se simule y enfrentemos nuestra problem\u00e1tica.<\/p>\n<p>&#8220;Yo les pregunt\u00e9 a las autoridades: \u2018\u00bfcu\u00e1ntas denuncias de personas desaparecidas se han recibido de 2000 al presente a\u00f1o?\u2019, y me respondieron que 9 mil 223. \u2018\u00bfCu\u00e1ntas denuncias de secuestro se han presentado en ese mismo periodo?\u2019, mil 315. \u2018\u00bfCu\u00e1ntas de privaci\u00f3n ilegal de la libertad?\u2019, me dicen que mil 440. \u2018\u00bfCu\u00e1ntos cuerpos de personas no identificadas hay?\u2019, mil 594&#8221;.<\/p>\n<p>Sin embargo, dijo, la cifra asciende a m\u00e1s de 15 mil desaparecidos, aunque la autoridades los etiqueten como secuestrados o privados de la libertad.<\/p>\n<p>&#8220;Peritos en la materia dicen que la cifra que dan las autoridades sube de tres a cinco veces en M\u00e9xico de lo que est\u00e1 denunciado, tan s\u00f3lo en el estado de Tamaulipas&#8221;.<\/p>\n","protected":false},"excerpt":{"rendered":"<p>\u00a0 El jueves 24 de abril de 2008, fue cuando secuestraron al hijo de un activista en un supermercado del bulevar L\u00e1zaro C\u00e1rdenas, en Reynosa<\/p>\n","protected":false},"author":3,"featured_media":0,"comment_status":"open","ping_status":"open","sticky":false,"template":"","format":"standard","meta":{"footnotes":""},"categories":[37],"tags":[],"class_list":["post-79287","post","type-post","status-publish","format-standard","hentry","category-barandilla"],"_links":{"self":[{"href":"https:\/\/plazajuarez.mx\/historico\/wp-json\/wp\/v2\/posts\/79287","targetHints":{"allow":["GET"]}}],"collection":[{"href":"https:\/\/plazajuarez.mx\/historico\/wp-json\/wp\/v2\/posts"}],"about":[{"href":"https:\/\/plazajuarez.mx\/historico\/wp-json\/wp\/v2\/types\/post"}],"author":[{"embeddable":true,"href":"https:\/\/plazajuarez.mx\/historico\/wp-json\/wp\/v2\/users\/3"}],"replies":[{"embeddable":true,"href":"https:\/\/plazajuarez.mx\/historico\/wp-json\/wp\/v2\/comments?post=79287"}],"version-history":[{"count":0,"href":"https:\/\/plazajuarez.mx\/historico\/wp-json\/wp\/v2\/posts\/79287\/revisions"}],"wp:attachment":[{"href":"https:\/\/plazajuarez.mx\/historico\/wp-json\/wp\/v2\/media?parent=79287"}],"wp:term":[{"taxonomy":"category","embeddable":true,"href":"https:\/\/plazajuarez.mx\/historico\/wp-json\/wp\/v2\/categories?post=79287"},{"taxonomy":"post_tag","embeddable":true,"href":"https:\/\/plazajuarez.mx\/historico\/wp-json\/wp\/v2\/tags?post=79287"}],"curies":[{"name":"wp","href":"https:\/\/api.w.org\/{rel}","templated":true}]}}