{"id":79242,"date":"2019-02-21T21:24:05","date_gmt":"2019-02-21T21:24:05","guid":{"rendered":"http:\/\/plazajuarez.mx\/index\/index.php\/2019\/02\/21\/necesitamos-una-guardia-nacional-pero-con-mando-civil\/"},"modified":"2019-02-21T21:24:05","modified_gmt":"2019-02-21T21:24:05","slug":"necesitamos-una-guardia-nacional-pero-con-mando-civil","status":"publish","type":"post","link":"https:\/\/plazajuarez.mx\/historico\/necesitamos-una-guardia-nacional-pero-con-mando-civil\/","title":{"rendered":"Necesitamos una Guardia Nacional pero con mando civil"},"content":{"rendered":"<p style=\"text-align: justify;\"><span style=\"font-weight: 400;\">El proyecto tiene una visi\u00f3n diferente a la que quer\u00edan imponer en otros gobiernos: Ricardo Baptista.<\/span><\/p>\n<p>  <!--more-->  <\/p>\n<p style=\"text-align: justify;\"><span style=\"font-weight: 400;\">El diputado local y presidente de la Junta de Gobierno, Ricardo Baptista Gonz\u00e1lez, refiri\u00f3 que en lo que M\u00e9xico se requiere para hacer frente a la realidad actual, es de la creaci\u00f3n de la denominada Guardia Nacional y que \u00e9sta, como ya fue anunciado, tenga un mando civil y no militar como se hab\u00eda propuesto con anterioridad.<\/span><\/p>\n<p style=\"text-align: justify;\"><span style=\"font-weight: 400;\">\u201cS\u00ed a la Guardia Nacional, pero que a la par se vayan fortaleciendo las polic\u00edas estatales y municipales, ese tambi\u00e9n es un tema que debe atenderse, ya lo hab\u00edamos dicho con anterioridad, s\u00ed a la propuesta pero con las modificaciones que ya fueron hechas\u201d, explic\u00f3 el diputado local.<\/span><\/p>\n<p style=\"text-align: justify;\">En entrevistas anteriores, Baptista Gonz\u00e1lez, explic\u00f3 \u201cno es lo mismo militarizar a que surja una fuerza \u00a0entrenada por militares, necesitamos una guardia nacional y que no est\u00e9 al mando de los militares en eso coincido pero qui\u00e9n tiene que entrenarlos es el ej\u00e9rcito, por lo que s\u00ed tiene que haber un mando civil, la guardia nacional tiene una raz\u00f3n de ser y una visi\u00f3n diferente a como la quer\u00edan imponer en el gobierno anterior, el ej\u00e9rcito no puede ser usado en contra de la poblaci\u00f3n otra vez\u201d agreg\u00f3.<\/p>\n<p style=\"text-align: justify;\">En otro tema y referente a los montos econ\u00f3micos que tiene cada diputado para \u201cgesti\u00f3n social\u201d, el diputado se\u00f1al\u00f3 que no est\u00e1 fuera de la legalidad los 50 mil pesos que recibe cada diputado, adem\u00e1s de que son recursos que han estado etiquetados por legislaturas anteriores, y asever\u00f3 que lo que se ha hecho en la 64 legislatura \u00a0\u00a0ha sido transparentar todos los movimiento y las gestiones que los diputados atienden en el Congreso Local.<\/p>\n<p style=\"text-align: justify;\"><span style=\"font-weight: 400;\">\u201cEn primer lugar, aqu\u00ed encontramos total dependencia de la Secretar\u00eda de finanzas, no hab\u00eda congreso aut\u00f3nomo y menos financieramente, lo que hicimos fue trasparentar y regularizar todo lo que un diputado recibe, lo que no se hac\u00eda desde las anteriores legislaturas, el diputado contribuye a la gesti\u00f3n, diario nos llegan cientos de peticiones\u201d, explic\u00f3.<\/span><\/p>\n<p style=\"text-align: justify;\"><span style=\"font-weight: 400;\">Finalmente, el diputado apunt\u00f3 que el trabajo del diputado local no se limita s\u00f3lo al trabajo legislativo que es la principal tarea de un legislador, sino que va m\u00e1s all\u00e1 como la gesti\u00f3n social o ser el v\u00ednculo para que la ciudadan\u00eda pueda acercarse a las autoridades encargadas para resolver la problem\u00e1tica que surja.<\/span><\/p>\n<p style=\"text-align: justify;\">\n","protected":false},"excerpt":{"rendered":"<p>El proyecto tiene una visi\u00f3n diferente a la que quer\u00edan imponer en otros gobiernos: Ricardo Baptista.<\/p>\n","protected":false},"author":1,"featured_media":0,"comment_status":"open","ping_status":"open","sticky":false,"template":"","format":"standard","meta":{"footnotes":""},"categories":[59],"tags":[],"class_list":["post-79242","post","type-post","status-publish","format-standard","hentry","category-general"],"_links":{"self":[{"href":"https:\/\/plazajuarez.mx\/historico\/wp-json\/wp\/v2\/posts\/79242","targetHints":{"allow":["GET"]}}],"collection":[{"href":"https:\/\/plazajuarez.mx\/historico\/wp-json\/wp\/v2\/posts"}],"about":[{"href":"https:\/\/plazajuarez.mx\/historico\/wp-json\/wp\/v2\/types\/post"}],"author":[{"embeddable":true,"href":"https:\/\/plazajuarez.mx\/historico\/wp-json\/wp\/v2\/users\/1"}],"replies":[{"embeddable":true,"href":"https:\/\/plazajuarez.mx\/historico\/wp-json\/wp\/v2\/comments?post=79242"}],"version-history":[{"count":0,"href":"https:\/\/plazajuarez.mx\/historico\/wp-json\/wp\/v2\/posts\/79242\/revisions"}],"wp:attachment":[{"href":"https:\/\/plazajuarez.mx\/historico\/wp-json\/wp\/v2\/media?parent=79242"}],"wp:term":[{"taxonomy":"category","embeddable":true,"href":"https:\/\/plazajuarez.mx\/historico\/wp-json\/wp\/v2\/categories?post=79242"},{"taxonomy":"post_tag","embeddable":true,"href":"https:\/\/plazajuarez.mx\/historico\/wp-json\/wp\/v2\/tags?post=79242"}],"curies":[{"name":"wp","href":"https:\/\/api.w.org\/{rel}","templated":true}]}}