{"id":79241,"date":"2019-02-21T21:17:10","date_gmt":"2019-02-21T21:17:10","guid":{"rendered":"http:\/\/plazajuarez.mx\/index\/index.php\/2019\/02\/21\/acuerdo-sobre-gn-va-mas-alla-del-senado-senala-osorio-chong\/"},"modified":"2019-02-21T21:17:10","modified_gmt":"2019-02-21T21:17:10","slug":"acuerdo-sobre-gn-va-mas-alla-del-senado-senala-osorio-chong","status":"publish","type":"post","link":"https:\/\/plazajuarez.mx\/historico\/acuerdo-sobre-gn-va-mas-alla-del-senado-senala-osorio-chong\/","title":{"rendered":"&#8220;Acuerdo sobre GN va m\u00e1s all\u00e1 del Senado&#8221;, se\u00f1ala Osorio Chong"},"content":{"rendered":"<p>Rechaz\u00f3 que la minuta que ser\u00e1 avalada en el pleno, pueda sufrir cambios en la C\u00e1mara de Diputados. <!--more--> <\/p>\n<p><p>  El coordinador del Partido Revolucionario Institucional (PRI) en el Senado, Miguel \u00c1ngel Osorio Chong, se\u00f1al\u00f3 que el acuerdo un\u00e1nime que se logr\u00f3 para la creaci\u00f3n de la Guardia Nacional (GN), va m\u00e1s all\u00e1 de la C\u00e1mara Alta, pues alcanza a las dirigencias de los partidos.<\/p>\n<p>  Por lo que rechaz\u00f3 que la minuta que ser\u00e1 avalada en el pleno, pueda sufrir cambios en la C\u00e1mara de Diputados.<\/p>\n<p>  &#8220;Yo estoy convencido que no. Yo creo que hubo un compromiso de las dirigencias de los partidos que tambi\u00e9n participaron, por el PAN, por el PRD, por MC y nosotros, y el grupo mayoritario&#8221;, afirm\u00f3.<\/p>\n<p>  En entrevista, Osorio Chong dijo que con el que respeto que le tiene a la C\u00e1mara de Diputados, la minuta que crea la Guardia Nacional &#8220;caminar\u00e1 bien&#8221; en la colegisladora, ya que no est\u00e1n haciendo algo diferente, sino &#8220;fortaleciendo su propia minuta&#8221;.<\/p>\n<p>  Agreg\u00f3 que el Presidente de la Rep\u00fablica, tendr\u00e1 un instrumento que le va a servir para su estrategia y que le da certidumbre a las Fuerzas Armadas, tal y como lo ha venido puntualizando todos los d\u00edas en sus conferencias por la ma\u00f1ana.<\/p>\n<p>  &#8220;Se le est\u00e1 dando certidumbre, nosotros siempre lo hemos querido. Y por supuesto la creaci\u00f3n de una nueva instituci\u00f3n que era su otra petici\u00f3n. Entonces yo creo que va a quedar conforme con lo que se pudo lograr&#8221;, sostuvo.<\/p>\n<p>\n","protected":false},"excerpt":{"rendered":"<p>Rechaz\u00f3 que la minuta que ser\u00e1 avalada en el pleno, pueda sufrir cambios en la C\u00e1mara de Diputados.<\/p>\n","protected":false},"author":6,"featured_media":0,"comment_status":"open","ping_status":"open","sticky":false,"template":"","format":"standard","meta":{"footnotes":""},"categories":[36],"tags":[],"class_list":["post-79241","post","type-post","status-publish","format-standard","hentry","category-nacion"],"_links":{"self":[{"href":"https:\/\/plazajuarez.mx\/historico\/wp-json\/wp\/v2\/posts\/79241","targetHints":{"allow":["GET"]}}],"collection":[{"href":"https:\/\/plazajuarez.mx\/historico\/wp-json\/wp\/v2\/posts"}],"about":[{"href":"https:\/\/plazajuarez.mx\/historico\/wp-json\/wp\/v2\/types\/post"}],"author":[{"embeddable":true,"href":"https:\/\/plazajuarez.mx\/historico\/wp-json\/wp\/v2\/users\/6"}],"replies":[{"embeddable":true,"href":"https:\/\/plazajuarez.mx\/historico\/wp-json\/wp\/v2\/comments?post=79241"}],"version-history":[{"count":0,"href":"https:\/\/plazajuarez.mx\/historico\/wp-json\/wp\/v2\/posts\/79241\/revisions"}],"wp:attachment":[{"href":"https:\/\/plazajuarez.mx\/historico\/wp-json\/wp\/v2\/media?parent=79241"}],"wp:term":[{"taxonomy":"category","embeddable":true,"href":"https:\/\/plazajuarez.mx\/historico\/wp-json\/wp\/v2\/categories?post=79241"},{"taxonomy":"post_tag","embeddable":true,"href":"https:\/\/plazajuarez.mx\/historico\/wp-json\/wp\/v2\/tags?post=79241"}],"curies":[{"name":"wp","href":"https:\/\/api.w.org\/{rel}","templated":true}]}}