{"id":79240,"date":"2019-02-21T20:20:56","date_gmt":"2019-02-21T20:20:56","guid":{"rendered":"http:\/\/plazajuarez.mx\/index\/index.php\/2019\/02\/21\/dos-lesionados-tras-explosion-de-capilla-en-cuautepec\/"},"modified":"2019-02-21T20:20:56","modified_gmt":"2019-02-21T20:20:56","slug":"dos-lesionados-tras-explosion-de-capilla-en-cuautepec","status":"publish","type":"post","link":"https:\/\/plazajuarez.mx\/historico\/dos-lesionados-tras-explosion-de-capilla-en-cuautepec\/","title":{"rendered":"Dos lesionados tras explosi\u00f3n en capilla de Cuautepec"},"content":{"rendered":"<p>Una chispa provoc\u00f3 la explosi\u00f3n en un lugar donde se guardaba pirotecnia. <!--more--> <\/p>\n<p>  La tarde de este jueves se registr\u00f3 una explosi\u00f3n en la capilla de la colonia El Tepeyac, ubicada en el municipio de Cuautepec de Hinojosa, lo que provoc\u00f3 dos personas resultaran lesionadas.<\/p>\n<p>   Al 911 de Emergencias se report\u00f3 una explosi\u00f3n en dicho sitio, por lo que acudi\u00f3 personal de la Agencia de Seguridad Estatal, a fin de atender el reporte.<\/p>\n<p>   <center><img decoding=\"async\" src=\"images\/WhatsApp-Image-2019-02-21-at-2.17.20-PM.jpeg\" alt=\"\"\/><\/center> <center><b>As\u00ed termin\u00f3 la fachada de la capilla.<\/b><\/center><\/p>\n<p><p>  Autoridades informaron que los vecinos, quienes se encargaron de dar aviso, refirieron que dos personas realizaban un trabajo de herrer\u00eda en un cuarto donde se ten\u00eda guardada pirotecnia.<\/p>\n<p>  Una chispa provoc\u00f3 una fuerte explosi\u00f3n, resultando lesionados los dos trabajadores, quienes de acuerdo con los vecinos, fueron trasladados en veh\u00edculo particular a una cl\u00ednica.<\/p>\n<p>\n","protected":false},"excerpt":{"rendered":"<p>Una chispa provoc\u00f3 la explosi\u00f3n en un lugar donde se guardaba pirotecnia.<\/p>\n","protected":false},"author":6,"featured_media":0,"comment_status":"open","ping_status":"open","sticky":false,"template":"","format":"standard","meta":{"footnotes":""},"categories":[40],"tags":[],"class_list":["post-79240","post","type-post","status-publish","format-standard","hentry","category-region"],"_links":{"self":[{"href":"https:\/\/plazajuarez.mx\/historico\/wp-json\/wp\/v2\/posts\/79240","targetHints":{"allow":["GET"]}}],"collection":[{"href":"https:\/\/plazajuarez.mx\/historico\/wp-json\/wp\/v2\/posts"}],"about":[{"href":"https:\/\/plazajuarez.mx\/historico\/wp-json\/wp\/v2\/types\/post"}],"author":[{"embeddable":true,"href":"https:\/\/plazajuarez.mx\/historico\/wp-json\/wp\/v2\/users\/6"}],"replies":[{"embeddable":true,"href":"https:\/\/plazajuarez.mx\/historico\/wp-json\/wp\/v2\/comments?post=79240"}],"version-history":[{"count":0,"href":"https:\/\/plazajuarez.mx\/historico\/wp-json\/wp\/v2\/posts\/79240\/revisions"}],"wp:attachment":[{"href":"https:\/\/plazajuarez.mx\/historico\/wp-json\/wp\/v2\/media?parent=79240"}],"wp:term":[{"taxonomy":"category","embeddable":true,"href":"https:\/\/plazajuarez.mx\/historico\/wp-json\/wp\/v2\/categories?post=79240"},{"taxonomy":"post_tag","embeddable":true,"href":"https:\/\/plazajuarez.mx\/historico\/wp-json\/wp\/v2\/tags?post=79240"}],"curies":[{"name":"wp","href":"https:\/\/api.w.org\/{rel}","templated":true}]}}