{"id":79238,"date":"2019-02-21T17:40:24","date_gmt":"2019-02-21T17:40:24","guid":{"rendered":"http:\/\/plazajuarez.mx\/index\/index.php\/2019\/02\/21\/incendio-en-xochimilco-duro-10-horas-y-afecto-70-hectareas\/"},"modified":"2019-02-21T17:40:24","modified_gmt":"2019-02-21T17:40:24","slug":"incendio-en-xochimilco-duro-10-horas-y-afecto-70-hectareas","status":"publish","type":"post","link":"https:\/\/plazajuarez.mx\/historico\/incendio-en-xochimilco-duro-10-horas-y-afecto-70-hectareas\/","title":{"rendered":"Incendio en Xochimilco dur\u00f3 10 horas y afect\u00f3 70 hect\u00e1reas"},"content":{"rendered":"<p style=\"text-align: justify;\"><span style=\"font-weight: 400;\">El edil explic\u00f3 que el incendio fue provocado por las altas temperaturas.<\/span><\/p>\n<p>  <!--more-->  <\/p>\n<p style=\"text-align: justify;\"><span style=\"font-weight: 400;\">El incendio en Cuemanco, al sur de la ciudad, que afect\u00f3 el Parque Ecol\u00f3gico y la Ci\u00e9nega Grande, fue sofocado a la una de la ma\u00f1ana de este jueves, tras diez horas de trabajos continuos en la zona, inform\u00f3 el alcalde de Xochimilco, Jos\u00e9 Carlos Acosta.<\/span><\/p>\n<p style=\"text-align: justify;\"><span style=\"font-weight: 400;\">&#8220;El incendio comenz\u00f3 aproximadamente a las dos de la tarde y concluy\u00f3 a la una de la ma\u00f1ana, m\u00e1s de diez horas de fuego que tuvimos en esta zona muy intenso a tal grado que el Perif\u00e9rico se tuvo que cerrar por tres horas por lo denso que era el humo y para evitar cualquier accidente al no poder ver los automovilistas que llevaban al lado o en frente&#8221;, coment\u00f3 el edil.<\/span><\/p>\n<p style=\"text-align: justify;\"><span style=\"font-weight: 400;\">En total fueron aproximadamente 70 hect\u00e1reas afectadas, 40 de la Ci\u00e9nega Grande y 30 del Parque Ecol\u00f3gico, por lo que se requirieron esfuerzos de 100 bomberos de cinco alcald\u00edas, 200 brigadistas de la Comisi\u00f3n de Recursos Naturales, y personal de Protecci\u00f3n Civil de la alcald\u00eda Xochimilco.<\/span><\/p>\n<p style=\"text-align: justify;\"><span style=\"font-weight: 400;\">El edil explic\u00f3 que el incendio fue provocado por las altas temperaturas y que hoy todav\u00eda se pueden presenciar cortinas de humo por la magnitud del siniestro.<\/span><\/p>\n<p style=\"text-align: justify;\"><span style=\"font-weight: 400;\">Adem\u00e1s, reconoci\u00f3 que ante las condiciones clim\u00e1ticas no se puede evitar otro incendio, por lo que se mantendr\u00e1 en la zona una brigada de Protecci\u00f3n Civil.<\/span><\/p>\n<p style=\"text-align: justify;\"><span style=\"font-weight: 400;\">&#8220;Desde luego siempre hay la posibilidad de que esto suceda, lo que nosotros vamos a hacer al pendiente con brigadas de proximidad para que en caso de haya alguna otra conflagraci\u00f3n se pueda atacar de inmediato y no se expanda como ayer sucedi\u00f3.<\/span><\/p>\n<p style=\"text-align: justify;\"><span style=\"font-weight: 400;\">&#8220;Pero tambi\u00e9n tenemos situaciones clim\u00e1ticas que poco podemos hacer contra ello, cuando el viento es muy fuerte aviva todo el fuego y entonces no hay forma c\u00f3mo controlarlo, aun cuando tengamos ah\u00ed de inmediato una brigada&#8221;, dijo.<\/span><\/p>\n","protected":false},"excerpt":{"rendered":"<p>El edil explic\u00f3 que el incendio fue provocado por las altas temperaturas.<\/p>\n","protected":false},"author":1,"featured_media":0,"comment_status":"open","ping_status":"open","sticky":false,"template":"","format":"standard","meta":{"footnotes":""},"categories":[36],"tags":[],"class_list":["post-79238","post","type-post","status-publish","format-standard","hentry","category-nacion"],"_links":{"self":[{"href":"https:\/\/plazajuarez.mx\/historico\/wp-json\/wp\/v2\/posts\/79238","targetHints":{"allow":["GET"]}}],"collection":[{"href":"https:\/\/plazajuarez.mx\/historico\/wp-json\/wp\/v2\/posts"}],"about":[{"href":"https:\/\/plazajuarez.mx\/historico\/wp-json\/wp\/v2\/types\/post"}],"author":[{"embeddable":true,"href":"https:\/\/plazajuarez.mx\/historico\/wp-json\/wp\/v2\/users\/1"}],"replies":[{"embeddable":true,"href":"https:\/\/plazajuarez.mx\/historico\/wp-json\/wp\/v2\/comments?post=79238"}],"version-history":[{"count":0,"href":"https:\/\/plazajuarez.mx\/historico\/wp-json\/wp\/v2\/posts\/79238\/revisions"}],"wp:attachment":[{"href":"https:\/\/plazajuarez.mx\/historico\/wp-json\/wp\/v2\/media?parent=79238"}],"wp:term":[{"taxonomy":"category","embeddable":true,"href":"https:\/\/plazajuarez.mx\/historico\/wp-json\/wp\/v2\/categories?post=79238"},{"taxonomy":"post_tag","embeddable":true,"href":"https:\/\/plazajuarez.mx\/historico\/wp-json\/wp\/v2\/tags?post=79238"}],"curies":[{"name":"wp","href":"https:\/\/api.w.org\/{rel}","templated":true}]}}