{"id":79236,"date":"2019-02-21T17:21:17","date_gmt":"2019-02-21T17:21:17","guid":{"rendered":"http:\/\/plazajuarez.mx\/index\/index.php\/2019\/02\/21\/arremete-amlo-contra-expresidentes-por-corrupcion\/"},"modified":"2019-02-21T17:21:17","modified_gmt":"2019-02-21T17:21:17","slug":"arremete-amlo-contra-expresidentes-por-corrupcion","status":"publish","type":"post","link":"https:\/\/plazajuarez.mx\/historico\/arremete-amlo-contra-expresidentes-por-corrupcion\/","title":{"rendered":"Arremete AMLO contra expresidentes por corrupci\u00f3n"},"content":{"rendered":"<p style=\"text-align: justify;\"><span style=\"font-weight: 400;\">AMLO cr\u00edtico a todos los expresidentes, culpando a cada uno de los problemas actuales.<\/span><\/p>\n<p>  <!--more-->  <\/p>\n<p style=\"text-align: justify;\"><span style=\"font-weight: 400;\">Por segundo d\u00eda consecutivo, el presidente Andr\u00e9s Manuel L\u00f3pez Obrador arremeti\u00f3 en contra de los expresidentes: Carlos Salinas, Ernesto Zedillo, Vicente Fox, Felipe Calder\u00f3n y Enrique Pe\u00f1a Nieto, por supuesta corrupci\u00f3n en sus administraciones.<\/span><\/p>\n<p style=\"text-align: justify;\"><span style=\"font-weight: 400;\">Durante su conferencia de prensa ma\u00f1anera, el mandatario nacional sostuvo que est\u00e1 limpiando de corrupci\u00f3n al gobierno porque administraciones anteriores dejaron un &#8220;cochinero&#8221;.<\/span><\/p>\n<p style=\"text-align: justify;\"><span style=\"font-weight: 400;\">Detall\u00f3 que el sexenio en que m\u00e1s crecen las diferencias, fue en el de Carlos Salinas, a quien acus\u00f3 de la entrega de bienes nacionales a particulares.<\/span><\/p>\n<p style=\"text-align: justify;\"><span style=\"font-weight: 400;\">&#8220;Por eso yo llamo a Salinas el padre de la desigualdad moderna. Ah\u00ed empieza todo&#8221;, dijo.<\/span><\/p>\n<p style=\"text-align: justify;\"><span style=\"font-weight: 400;\">A Zedillo lo se\u00f1al\u00f3 de convertir deudas privadas en deuda p\u00fablica y de entregar a los ferrocarriles.<\/span><\/p>\n<p style=\"text-align: justify;\"><span style=\"font-weight: 400;\">&#8220;Luego la propuesta de cambio, le siguieron, se destac\u00f3 Fox en la entrega de concesi\u00f3n para la explotaci\u00f3n minera. Y fue el predominio de la corrupci\u00f3n, del derroche y la antidemocracia. Alguien que surge de un movimiento para hacer a un lado a un partido de estado autoritario y llega con el apoyo de la gente y traiciona ese objetivo fundamental&#8221;, se\u00f1al\u00f3.<\/span><\/p>\n<p style=\"text-align: justify;\"><span style=\"font-weight: 400;\">Sobre el ex presidente Felipe Calder\u00f3n, L\u00f3pez Obrador sostuvo que entreg\u00f3 m\u00e1s concesiones y entreg\u00f3 a las empresas mineras 21 millones de hect\u00e1reas.<\/span><\/p>\n<p style=\"text-align: justify;\"><span style=\"font-weight: 400;\">&#8220;Y actu\u00f3 con una irresponsabilidad supina, sin tener un diagn\u00f3stico, sin atender las causas, le peg\u00f3 un garrotazo al avispero a lo tonto, declara la guerra a las bandas de la delincuencia y violencia y desaparecidos&#8221;, expres\u00f3.<\/span><\/p>\n<p style=\"text-align: justify;\"><span style=\"font-weight: 400;\">Mientras que de Enrique Pe\u00f1a Nieto, dijo que hubo corrupci\u00f3n.<\/span><\/p>\n<p style=\"text-align: justify;\"><span style=\"font-weight: 400;\">&#8220;Tengo que dar atenciones porque a veces se padece de amnesia y conservadores suelen ser muy parciales. Estamos limpiando porque dejaron un tiradero, un cochinero. La pol\u00edtica neoliberal fue de saque\u00f3 y de pillaje. No solo imper\u00f3 o prevaleci\u00f3 la corrupci\u00f3n, sino se arraigaron las pr\u00e1cticas de corrupci\u00f3n en el servicio p\u00fablico&#8221;, extern\u00f3.<\/span><\/p>\n","protected":false},"excerpt":{"rendered":"<p>AMLO cr\u00edtico a todos los expresidentes, culpando a cada uno de los problemas actuales.<\/p>\n","protected":false},"author":1,"featured_media":0,"comment_status":"open","ping_status":"open","sticky":false,"template":"","format":"standard","meta":{"footnotes":""},"categories":[36],"tags":[],"class_list":["post-79236","post","type-post","status-publish","format-standard","hentry","category-nacion"],"_links":{"self":[{"href":"https:\/\/plazajuarez.mx\/historico\/wp-json\/wp\/v2\/posts\/79236","targetHints":{"allow":["GET"]}}],"collection":[{"href":"https:\/\/plazajuarez.mx\/historico\/wp-json\/wp\/v2\/posts"}],"about":[{"href":"https:\/\/plazajuarez.mx\/historico\/wp-json\/wp\/v2\/types\/post"}],"author":[{"embeddable":true,"href":"https:\/\/plazajuarez.mx\/historico\/wp-json\/wp\/v2\/users\/1"}],"replies":[{"embeddable":true,"href":"https:\/\/plazajuarez.mx\/historico\/wp-json\/wp\/v2\/comments?post=79236"}],"version-history":[{"count":0,"href":"https:\/\/plazajuarez.mx\/historico\/wp-json\/wp\/v2\/posts\/79236\/revisions"}],"wp:attachment":[{"href":"https:\/\/plazajuarez.mx\/historico\/wp-json\/wp\/v2\/media?parent=79236"}],"wp:term":[{"taxonomy":"category","embeddable":true,"href":"https:\/\/plazajuarez.mx\/historico\/wp-json\/wp\/v2\/categories?post=79236"},{"taxonomy":"post_tag","embeddable":true,"href":"https:\/\/plazajuarez.mx\/historico\/wp-json\/wp\/v2\/tags?post=79236"}],"curies":[{"name":"wp","href":"https:\/\/api.w.org\/{rel}","templated":true}]}}