{"id":79234,"date":"2019-02-21T05:31:20","date_gmt":"2019-02-21T05:31:20","guid":{"rendered":"http:\/\/plazajuarez.mx\/index\/index.php\/2019\/02\/21\/laguna-de-voces-478\/"},"modified":"2019-02-21T05:31:20","modified_gmt":"2019-02-21T05:31:20","slug":"laguna-de-voces-478","status":"publish","type":"post","link":"https:\/\/plazajuarez.mx\/historico\/laguna-de-voces-478\/","title":{"rendered":"LAGUNA DE VOCES"},"content":{"rendered":"<p>Caminar hasta encontrar el pueblo<\/p>\n<p>  <!--more-->  <\/p>\n<p>La segunda vez que el abuelo Ezequiel se perdi\u00f3 en la Ciudad de M\u00e9xico ya no apareci\u00f3.<br \/>\u00a0\u00a0 \u00a0Regres\u00e1bamos del pueblo cuando su hijo, que era mi padre, se enter\u00f3 de lo que hab\u00eda sucedido. Por alguna raz\u00f3n supo de antemano que aqu\u00e9l hombre gigante de barba blanca ya nunca regresar\u00eda, porque la primera ocasi\u00f3n que uno de sus sobrinos lo encontr\u00f3 perdido en La Villita fue un verdadero milagro. <br \/>\u00a0\u00a0 \u00a0As\u00ed que los pocos d\u00edas de la fiesta de agosto en San Miguel se le amargaron a pap\u00e1 apenas bajamos del autob\u00fas en la terminal que ya no existe en Circunvalaci\u00f3n. Abuelo era casi igual a mi padre aunque tal vez un poco m\u00e1s alto, y la imposibilidad para hablar v\u00edctima de una embolia, seguro le impidi\u00f3 dar alguna se\u00f1a de la colonia donde viv\u00eda con su otro hijo.<br \/>\u00a0\u00a0 \u00a0Todav\u00eda durante muchos a\u00f1os el sobrino que lo hab\u00eda encontrado una vez asegur\u00f3 que lo hab\u00eda visto, que caminaba como siempre a grandes zancadas por el centro de la ciudad; que se baj\u00f3 del autob\u00fas en que viajaba, pero que no lo alcanz\u00f3, y solo vio c\u00f3mo desaparec\u00eda a un costado de la Torre Latinoamericana.<br \/>\u00a0\u00a0 \u00a0Desde que viv\u00eda solo en la casa del pueblo, abuelo Ezequiel caminaba diariamente diez kil\u00f3metros para ir a desayunar con su hija en la cabecera municipal. Hab\u00eda logrado hacer tiempos r\u00e9cord, y su andar con paso marcial, igual que si marchara en una parada militar se le hizo costumbre a su hijo.<br \/>\u00a0\u00a0 \u00a0Alguna vez pensamos recuperar la casa donde nacimos, y en la que vivi\u00f3 muchos a\u00f1os solo, luego que todos hab\u00edan decidido emigrar a la capital del pa\u00eds. Solo nos quedamos mi hermana, y los dos m\u00e1s peque\u00f1os de la familia que se convirtieron de manera autom\u00e1tica en su vivir cotidiano, su compa\u00f1\u00eda que empez\u00f3 a extra\u00f1ar apenas llegaron por nosotros.<br \/>\u00a0\u00a0 \u00a0Tal vez las dos veces que se perdi\u00f3 intentaba llegar al pueblo. Tal vez la segunda vez que ya nunca apareci\u00f3 lo logr\u00f3 de alguna forma, porque los lugares que amamos acaban por pertenecer al mundo de los sue\u00f1os, de las ilusiones, de los para\u00edsos que construimos a fuerza de desearlos.<br \/>\u00a0\u00a0 \u00a0Abuelo Ezequiel seguramente regres\u00f3, y hoy mismo habita de nueva cuenta su casa, donde vive con mi padre que es su hijo, su nuera que es mi madre, y todos los que en alg\u00fan momento formaron parte del escenario en que cada ser humano vive con gusto, con ganas.<br \/>\u00a0\u00a0 \u00a0A todos nos pasar\u00e1 que de pronto nos descubrimos solos, sin los artistas que admiramos de j\u00f3venes, y con la noticia cada vez m\u00e1s frecuente de que un escritor admirador ha muerto, un artista, un futbolista, un pariente o amigo de nuestra edad.<br \/>\u00a0\u00a0 \u00a0Tenemos que aceptar que la despedida es paso a paso, irremediable, absolutamente necesaria porque la eternidad se localiza en otro lugar que dif\u00edcilmente puede ser esta realidad en la que nos levantamos cotidianamente.<br \/>\u00a0\u00a0 \u00a0Abuelo decidi\u00f3 salir de la casa de mi t\u00eda, con quien vino a pasar unos meses, porque deseaba regresar al pueblo. Porque simplemente le gustaba la ciudad pero unos d\u00edas, no tanto tiempo. Y sin que nadie lo viera abri\u00f3 la puerta para cerrarla y decirle adi\u00f3s a todo, aunque lo m\u00e1s certero es un hasta siempre, porque seguramente cada uno de sus nietos lo encontraremos tarde o temprano, y ser\u00e1 gu\u00eda para los que andemos perdidos sin rumbo claro, lo mismo en vida que en muerte.<br \/>\u00a0\u00a0 \u00a0Uno de los \u00faltimos recuerdos que tengo de \u00e9l es que le encantaba mirar la luna, las estrellas y de este modo transportarse a la laguna de San Miguel, en ese entonces casi llena al tope, y ver que en el agua se reflejaba el firmamento sin distinguir cu\u00e1l de los dos era el verdadero.<br \/>\u00a0\u00a0 \u00a0Hoy, ya de noche de este mi\u00e9rcoles, el cielo se llen\u00f3 de luz de luna, de estrellas, seguramente por eso me acord\u00e9 del abuelo Ezequiel, que anda por ah\u00ed en busca de su pueblo.<\/p>\n<p>Mil gracias, hasta ma\u00f1ana.<\/p>\n<p>jeperalta@plazajuarez.mx\/historico\/historico<br \/>@JavierEPeralta<\/p>\n<p>CITA:<br \/>\u00a0\u00a0 \u00a0Uno de los \u00faltimos recuerdos que tengo de \u00e9l es que le encantaba mirar la luna, las estrellas y de este modo transportarse a la laguna de San Miguel, en ese entonces casi llena al tope, y ver que en el agua se reflejaba el firmamento sin distinguir cu\u00e1l de los dos era el verdadero.<\/p>\n<p>\u00a0\u00a0 \u00a0<\/p>\n","protected":false},"excerpt":{"rendered":"<p>Caminar hasta encontrar el pueblo<\/p>\n","protected":false},"author":93,"featured_media":0,"comment_status":"open","ping_status":"open","sticky":false,"template":"","format":"standard","meta":{"footnotes":""},"categories":[49],"tags":[],"class_list":["post-79234","post","type-post","status-publish","format-standard","hentry","category-javier-peralta"],"_links":{"self":[{"href":"https:\/\/plazajuarez.mx\/historico\/wp-json\/wp\/v2\/posts\/79234","targetHints":{"allow":["GET"]}}],"collection":[{"href":"https:\/\/plazajuarez.mx\/historico\/wp-json\/wp\/v2\/posts"}],"about":[{"href":"https:\/\/plazajuarez.mx\/historico\/wp-json\/wp\/v2\/types\/post"}],"author":[{"embeddable":true,"href":"https:\/\/plazajuarez.mx\/historico\/wp-json\/wp\/v2\/users\/93"}],"replies":[{"embeddable":true,"href":"https:\/\/plazajuarez.mx\/historico\/wp-json\/wp\/v2\/comments?post=79234"}],"version-history":[{"count":0,"href":"https:\/\/plazajuarez.mx\/historico\/wp-json\/wp\/v2\/posts\/79234\/revisions"}],"wp:attachment":[{"href":"https:\/\/plazajuarez.mx\/historico\/wp-json\/wp\/v2\/media?parent=79234"}],"wp:term":[{"taxonomy":"category","embeddable":true,"href":"https:\/\/plazajuarez.mx\/historico\/wp-json\/wp\/v2\/categories?post=79234"},{"taxonomy":"post_tag","embeddable":true,"href":"https:\/\/plazajuarez.mx\/historico\/wp-json\/wp\/v2\/tags?post=79234"}],"curies":[{"name":"wp","href":"https:\/\/api.w.org\/{rel}","templated":true}]}}