{"id":79229,"date":"2019-02-21T05:22:10","date_gmt":"2019-02-21T05:22:10","guid":{"rendered":"http:\/\/plazajuarez.mx\/index\/index.php\/2019\/02\/21\/la-arrogancia-y-la-4t\/"},"modified":"2019-02-21T05:22:10","modified_gmt":"2019-02-21T05:22:10","slug":"la-arrogancia-y-la-4t","status":"publish","type":"post","link":"https:\/\/plazajuarez.mx\/historico\/la-arrogancia-y-la-4t\/","title":{"rendered":"La arrogancia y la 4T"},"content":{"rendered":"<p>OPINI\u00d3N<br \/>\u00a0\u00a0 \u00a0\u2022\u00a0\u00a0 \u00a0Todo parece indicar que el objetivo no es lograr la justicia sino el poder y el control unipersonal de cada rinc\u00f3n del pa\u00eds y de todo el espacio p\u00fablico\u2028<\/p>\n<p>  <!--more-->  <\/p>\n<p>Vivimos un arranque de gobierno in\u00e9dito; un presidente que cual pastor dominical dedica todas las ma\u00f1anas a denunciar corruptelas, sin haber iniciado acci\u00f3n judicial contra ellas.<br \/>Despu\u00e9s de m\u00e1s de dos meses de gobierno, s\u00f3lo sabemos del inicio de una carpeta de investigaci\u00f3n, pese a que existen cientos de se\u00f1alamientos emanados directamente del presidente en sus conferencias matinales. Sus afirmaciones frecuentemente son rectificadas por \u00e9l mismo, en cambios de rumbo y actitud inesperados. La mayor\u00eda de las veces asume una actitud moralina, condenando por igual conductas de ex presidentes, secretarios de Estado, empresarios o funcionarios p\u00fablicos. Cuando se ve acorralado por las interrogantes de la prensa, esgrime el argumento de que las actuaciones de los imputados fueron legales pero inmorales. Si fuera cierto lo que afirma, s\u00f3lo contribuye a solapar la impunidad.<br \/>Es el primer presidente en colocar la moral sobre el derecho, no obstante que la primera no posee el respaldo coactivo por parte del Estado, como s\u00ed lo tiene el segundo. Se niega a aplicar la ley y parece haber olvidado su protesta constitucional.<br \/>Todo parece indicar que el objetivo no es lograr la justicia sino el poder y el control unipersonal de cada rinc\u00f3n del pa\u00eds y de todo el espacio p\u00fablico. La vaguedad de los se\u00f1alamientos y la personalizaci\u00f3n de las acusaciones anulan anticipadamente cualquier esfuerzo por reconstruir desde el derecho las debilitadas instituciones de justicia. <br \/>El titular del ejecutivo arguye que no quiere actuar contra los corruptos para no desatar una supuesta &#8220;cacer\u00eda de brujas&#8221;, sin embargo, cuando no act\u00faa con la Constituci\u00f3n y las leyes en la mano, olvida que han sido hist\u00f3ricamente el mejor instrumento contra la venganza y la impunidad. Es el mundo al rev\u00e9s. <br \/>Son muchos ya los se\u00f1alamientos del presidente y sus principales colaboradores de gabinete que terminan siendo rectificados en lo sustantivo por \u00e9l o ellos mismos, o que originan inesperados cambios de rumbo que dejan a una parte del gabinete colgado de la brocha. <br \/>Sus comentarios infundados y su actuar desapegado a los c\u00f3digos generan que sus denuncias sean est\u00e9riles; aun as\u00ed, miles de personas le creen ciegamente, como lo acreditan diversos estudios de opini\u00f3n, donde la visi\u00f3n de una gran parte del electorado sobre el presidente no s\u00f3lo es favorable, sino que va en aumento. <br \/>Hace a un lado el marco jur\u00eddico al dar cargos p\u00fablicos que requieren conocimiento y hasta especialidad a pasantes y estudiantes surgidos de la lealtad incondicional, alentados incluso por una mayor\u00eda legislativa.<br \/>El proyecto del presidente no est\u00e1 centrado en la Constituci\u00f3n ni en las instituciones, sino en la concepci\u00f3n que tiene de s\u00ed mismo; esta forma de la real-politik tiene una consecuencia funesta que se verificar\u00e1 una vez que el encanto se rompa e inicie la decepci\u00f3n mayoritaria.<br \/>En otras ocasiones el acento es mon\u00e1rquico y tir\u00e1nico, despreciando a sus cr\u00edticos; a cada movimiento que no le agrada lo apoda &#8220;mafia&#8221;, denostando a varios sectores de la sociedad, al punto de llegar a proferir expresiones o descalificaciones que lo vuelven arrogante. No se puede imponer una forma com\u00fan de pensamiento en una democracia que en esencia es plural. <br \/>No todo lo hecho en el pasado es despreciable, las estancias infantiles en el esquema que utilizan equivalen a la quinta parte de lo que cuestan las estancias actuales; si hay corrupci\u00f3n, que la elimine con la ley.<br \/>La 4T no advierte que infunde m\u00e1s temor que confianza. Bajo ese clima es dif\u00edcil lograr las metas del crecimiento que se proponen. Que atraigan la inversi\u00f3n extranjera y no rechacen a calificadoras y organismos aut\u00f3nomos. <br \/>Aunque las intenciones del gobierno sean buenas, es necesario que se refleje en sus resultados; s\u00e9 que est\u00e1 a tiempo de recapacitar y utilizar los grandes recursos legislativos y sociales que est\u00e1n a su alcance para recomponer el camino en favor de M\u00e9xico y no el de su causa y partido; a\u00fan est\u00e1 a tiempo, M\u00e9xico lo requiere. <\/p>\n","protected":false},"excerpt":{"rendered":"<p>OPINI\u00d3N\u00a0\u00a0 \u00a0\u2022\u00a0\u00a0 \u00a0Todo parece indicar que el objetivo no es lograr la justicia sino el poder y el control unipersonal de cada rinc\u00f3n del pa\u00eds y de todo el espacio p\u00fablico\u2028<\/p>\n","protected":false},"author":93,"featured_media":0,"comment_status":"open","ping_status":"open","sticky":false,"template":"","format":"standard","meta":{"footnotes":""},"categories":[42],"tags":[],"class_list":["post-79229","post","type-post","status-publish","format-standard","hentry","category-nuestrapalabra"],"_links":{"self":[{"href":"https:\/\/plazajuarez.mx\/historico\/wp-json\/wp\/v2\/posts\/79229","targetHints":{"allow":["GET"]}}],"collection":[{"href":"https:\/\/plazajuarez.mx\/historico\/wp-json\/wp\/v2\/posts"}],"about":[{"href":"https:\/\/plazajuarez.mx\/historico\/wp-json\/wp\/v2\/types\/post"}],"author":[{"embeddable":true,"href":"https:\/\/plazajuarez.mx\/historico\/wp-json\/wp\/v2\/users\/93"}],"replies":[{"embeddable":true,"href":"https:\/\/plazajuarez.mx\/historico\/wp-json\/wp\/v2\/comments?post=79229"}],"version-history":[{"count":0,"href":"https:\/\/plazajuarez.mx\/historico\/wp-json\/wp\/v2\/posts\/79229\/revisions"}],"wp:attachment":[{"href":"https:\/\/plazajuarez.mx\/historico\/wp-json\/wp\/v2\/media?parent=79229"}],"wp:term":[{"taxonomy":"category","embeddable":true,"href":"https:\/\/plazajuarez.mx\/historico\/wp-json\/wp\/v2\/categories?post=79229"},{"taxonomy":"post_tag","embeddable":true,"href":"https:\/\/plazajuarez.mx\/historico\/wp-json\/wp\/v2\/tags?post=79229"}],"curies":[{"name":"wp","href":"https:\/\/api.w.org\/{rel}","templated":true}]}}