{"id":79228,"date":"2019-02-21T05:21:52","date_gmt":"2019-02-21T05:21:52","guid":{"rendered":"http:\/\/plazajuarez.mx\/index\/index.php\/2019\/02\/21\/lo-real-y-lo-simbolico-en-la-era-de-amlo\/"},"modified":"2019-02-21T05:21:52","modified_gmt":"2019-02-21T05:21:52","slug":"lo-real-y-lo-simbolico-en-la-era-de-amlo","status":"publish","type":"post","link":"https:\/\/plazajuarez.mx\/historico\/lo-real-y-lo-simbolico-en-la-era-de-amlo\/","title":{"rendered":"Lo real y lo simb\u00f3lico en la era de AMLO"},"content":{"rendered":"<p>OPINI\u00d3N\u2028<br \/>\u00a0\u00a0 \u00a0\u2022\u00a0\u00a0 \u00a0La pluralidad de los medios de hoy marca (todav\u00eda) una valiosa diferencia con la unanimidad presidencialista del ayer\u2028<\/p>\n<p>  <!--more-->  <\/p>\n<p>De ayer y del ayer. En poco m\u00e1s de 80 d\u00edas de esta agitada Era de AMLO ya se puede apreciar c\u00f3mo ha tratado de recuperar el poder simb\u00f3lico que tuvo el lenguaje de los presidentes mexicanos y de sus colaboradores hasta hace cuatro d\u00e9cadas: un poder incontrastable, consensual, a partir de una cultura dominante en que era incontrovertible la palabra de quien simbolizaba la unidad de la naci\u00f3n. Nada importaban sus frecuentes conflictos con la realidad y con grupos y personajes que pagaban caras sus muestras de disidencia. M\u00e1s tarde, ese conflicto, el de la infalibilidad presidencial, se desplaz\u00f3 a una parte de los medios de comunicaci\u00f3n desapegados del culto y la obediencia al &#8220;jefe de las instituciones nacionales&#8221; y apegados, gradualmente, a las funciones de la prensa de vigilancia de los poderes. Hoy en d\u00eda, por ejemplo, entre los m\u00e1s recientes mensajes del gobierno controvertidos por los medios est\u00e1 la cancelaci\u00f3n de las estancias infantiles. Medios receptivos a las voces de madres y de sectores modernos de la sociedad que se estrellaron con la ret\u00f3rica del poder de un M\u00e9xico irreal de abuelas y abuelos sin oficio ni beneficio, o en espera de nietos a cuidar gracias al disfrute de un sistema digno de retiro. <br \/>En cambio, resultaron insostenibles, gracias a medios como EL UNIVERSAL, los mensajes de dos nombramientos sub reales en Conacyt. Y, registrado cr\u00edticamente tambi\u00e9n por los medios no oficialistas, el gobierno pag\u00f3 los nuevos costos impuestos por bancos y calificadoras al plan presidencial de rescate de Pemex. Adicionalmente, se mantiene en el centro del debate la secuela de la cr\u00edtica de quien encabeza la Comisi\u00f3n Reguladora de Energ\u00eda (CRE) a las propuestas presidenciales de nuevos miembros para esa Comisi\u00f3n. Tambi\u00e9n, los cuestionamientos a la Ley para crear la Guardia Nacional en los t\u00e9rminos innegociables impuestos por la iniciativa presidencial y aprobados hasta ahora en Comisiones por Morena, el partido oficial.<br \/>Pero quiz\u00e1s donde m\u00e1s verificable resulta hoy el poder simb\u00f3lico de la comunicaci\u00f3n presidencial, en conflicto con la realidad, es en la cobertura de los medios impresos de ayer \u2014y en los audiovisuales de antier\u2014 del encuentro del presidente L\u00f3pez Obrador con la c\u00fapula empresarial. Algunas &#8220;cabezas&#8221; de los diarios sobre ese intercambio rememoraron las portadas de los medios, el de cuatro d\u00e9cadas atr\u00e1s: &#8220;Empresarios cierran filas con el consejo econ\u00f3mico de AMLO&#8221;; &#8220;IP conf\u00eda en AMLO, le pide certidumbre&#8221;; &#8220;AMLO a reencuentro con IP para crecer 4%&#8221;; &#8220;Pide AMLO a IP apoyo para crecer al 4%&#8221;. <br \/>Expectativas a violar. Con una comunicaci\u00f3n pol\u00edtica expresada en estas proclamas poco period\u00edsticas, pero con la fuerza simb\u00f3lica de la palabra presidencial, se pretende ocultar realidades sobre la poca fiabilidad rec\u00edproca de las partes. Pero a nadie medianamente informado le son ajenas las aprehensiones de los empresarios sobre las medidas del presidente, ni las descalificaciones del presidente a las conductas empresariales, sus v\u00edas de enriquecimiento y sus estilos de vida. Otro problema radica en la generaci\u00f3n de expectativas pr\u00e1cticamente incumplibles: la de crecer al cuatro por ciento, en condiciones nacionales e internacionales m\u00e1s pr\u00f3ximas al estancamiento o incluso a la recesi\u00f3n. Y un problema m\u00e1s: \u00bfa qui\u00e9n y con qu\u00e9 efectos se culpar\u00e1 en su momento de la violaci\u00f3n de esa expectativa?<br \/>Pluralidad vs unanimidad. Finalmente, con el vigor simb\u00f3lico de la palabra del actual nuevo jefe de las instituciones nacionales, su afirmaci\u00f3n de que el presidente de la Comisi\u00f3n Reguladora de Energ\u00eda habr\u00eda incurrido en conflicto de intereses fue avalada en la &#8220;cabeza&#8221; principal de uno de los medios oficialistas: &#8220;A investigaci\u00f3n, el titular de la CRE por conflicto de inter\u00e9s&#8221;, mientras en el extremo opuesto, otro diario encabeza su portada con una denuncia contra el denunciante: &#8220;Asedia gobierno a titular de la CRE&#8221;. La pluralidad de los medios de hoy marca (todav\u00eda) una valiosa diferencia con la unanimidad presidencialista del ayer.<\/p>\n","protected":false},"excerpt":{"rendered":"<p>OPINI\u00d3N\u2028\u00a0\u00a0 \u00a0\u2022\u00a0\u00a0 \u00a0La pluralidad de los medios de hoy marca (todav\u00eda) una valiosa diferencia con la unanimidad presidencialista del ayer\u2028<\/p>\n","protected":false},"author":93,"featured_media":0,"comment_status":"open","ping_status":"open","sticky":false,"template":"","format":"standard","meta":{"footnotes":""},"categories":[42],"tags":[],"class_list":["post-79228","post","type-post","status-publish","format-standard","hentry","category-nuestrapalabra"],"_links":{"self":[{"href":"https:\/\/plazajuarez.mx\/historico\/wp-json\/wp\/v2\/posts\/79228","targetHints":{"allow":["GET"]}}],"collection":[{"href":"https:\/\/plazajuarez.mx\/historico\/wp-json\/wp\/v2\/posts"}],"about":[{"href":"https:\/\/plazajuarez.mx\/historico\/wp-json\/wp\/v2\/types\/post"}],"author":[{"embeddable":true,"href":"https:\/\/plazajuarez.mx\/historico\/wp-json\/wp\/v2\/users\/93"}],"replies":[{"embeddable":true,"href":"https:\/\/plazajuarez.mx\/historico\/wp-json\/wp\/v2\/comments?post=79228"}],"version-history":[{"count":0,"href":"https:\/\/plazajuarez.mx\/historico\/wp-json\/wp\/v2\/posts\/79228\/revisions"}],"wp:attachment":[{"href":"https:\/\/plazajuarez.mx\/historico\/wp-json\/wp\/v2\/media?parent=79228"}],"wp:term":[{"taxonomy":"category","embeddable":true,"href":"https:\/\/plazajuarez.mx\/historico\/wp-json\/wp\/v2\/categories?post=79228"},{"taxonomy":"post_tag","embeddable":true,"href":"https:\/\/plazajuarez.mx\/historico\/wp-json\/wp\/v2\/tags?post=79228"}],"curies":[{"name":"wp","href":"https:\/\/api.w.org\/{rel}","templated":true}]}}