{"id":79112,"date":"2019-02-19T14:50:16","date_gmt":"2019-02-19T14:50:16","guid":{"rendered":"http:\/\/plazajuarez.mx\/index\/index.php\/2019\/02\/19\/vincularon-a-proceso-a-un-policia-por-liga-con-el-secuestro-expres\/"},"modified":"2019-02-19T14:50:16","modified_gmt":"2019-02-19T14:50:16","slug":"vincularon-a-proceso-a-un-policia-por-liga-con-el-secuestro-expres","status":"publish","type":"post","link":"https:\/\/plazajuarez.mx\/historico\/vincularon-a-proceso-a-un-policia-por-liga-con-el-secuestro-expres\/","title":{"rendered":"VINCULARON A PROCESO A UN POLIC\u00cdA POR LIGA CON EL SECUESTRO EXPR\u00c9S"},"content":{"rendered":"<p>EN EL ESTADO DE M\u00c9XICO<\/p>\n<p>  <!--more-->  <\/p>\n<p>El polic\u00eda municipal identificado como Germ\u00e1n &#8220;N&#8221; fue vinculado por un juez a proceso penal por el delito de secuestro expr\u00e9s, luego de que el Ministerio P\u00fablico de la Fiscal\u00eda General de Justicia del Estado de M\u00e9xico (FGJEM) acredit\u00f3 su probable participaci\u00f3n en la retenci\u00f3n ilegal de un ciudadano en la colonia Izcalli Chamapa.<br \/>El ex servidor p\u00fablico permanece en el penal de Barrientos, luego de que fue detenido por la investigaci\u00f3n en la que un ciudadano denunci\u00f3 que el 8 de febrero fue detenido de forma arbitraria al parecer por el polic\u00eda municipal.<br \/>El agente acus\u00f3 al hombre por un supuesto robo, luego fue golpeado y despojado de su autom\u00f3vil compacto, y presuntamente le exigi\u00f3 la entrega de la factura y tarjeta de circulaci\u00f3n del auto a cambio de no ser trasladado a la Agencia del Ministerio P\u00fablico.<br \/>El automovilista afectado &#8220;al parecer se opuso a entregar la documentaci\u00f3n de su autom\u00f3vil por lo que fue presentado ante el representante social, no obstante, ya en las instalaciones del Ministerio P\u00fablico, esta persona se\u00f1al\u00f3 al polic\u00eda como el mismo que lo habr\u00eda golpeado y despojado de su veh\u00edculo&#8221;, informaron voceros de la Fiscal\u00eda mexiquense.<br \/>En el MP la acusaci\u00f3n se revirti\u00f3 en contra del polic\u00eda municipal, por lo que fue detenido y presentado ante autoridades de la FGJEM, quienes dieron inicio a una carpeta de investigaci\u00f3n en contra del servidor p\u00fablico, por lo que fue remitido ante un Juez en el Centro Penitenciario y de Reinserci\u00f3n Social de Tlalnepantla, conocido como penal de Barrientos.<br \/>Ah\u00ed un juez inici\u00f3 un proceso legal en contra del polic\u00eda municipal por el il\u00edcito de secuestro expr\u00e9s, fij\u00f3 un plazo de un mes para el cierre de investigaci\u00f3n y una medida cautelar de prisi\u00f3n preventiva, por lo que deber\u00e1 permanecer en dicho penal.<br \/>Sin embargo, autoridades de la Fiscal\u00eda mexiquense se\u00f1alaron que &#8220;al detenido se le debe considerar inocente hasta que sea dictada una sentencia condenatoria en su contra&#8221;.<\/p>\n","protected":false},"excerpt":{"rendered":"<p>EN EL ESTADO DE M\u00c9XICO<\/p>\n","protected":false},"author":93,"featured_media":0,"comment_status":"open","ping_status":"open","sticky":false,"template":"","format":"standard","meta":{"footnotes":""},"categories":[37],"tags":[],"class_list":["post-79112","post","type-post","status-publish","format-standard","hentry","category-barandilla"],"_links":{"self":[{"href":"https:\/\/plazajuarez.mx\/historico\/wp-json\/wp\/v2\/posts\/79112","targetHints":{"allow":["GET"]}}],"collection":[{"href":"https:\/\/plazajuarez.mx\/historico\/wp-json\/wp\/v2\/posts"}],"about":[{"href":"https:\/\/plazajuarez.mx\/historico\/wp-json\/wp\/v2\/types\/post"}],"author":[{"embeddable":true,"href":"https:\/\/plazajuarez.mx\/historico\/wp-json\/wp\/v2\/users\/93"}],"replies":[{"embeddable":true,"href":"https:\/\/plazajuarez.mx\/historico\/wp-json\/wp\/v2\/comments?post=79112"}],"version-history":[{"count":0,"href":"https:\/\/plazajuarez.mx\/historico\/wp-json\/wp\/v2\/posts\/79112\/revisions"}],"wp:attachment":[{"href":"https:\/\/plazajuarez.mx\/historico\/wp-json\/wp\/v2\/media?parent=79112"}],"wp:term":[{"taxonomy":"category","embeddable":true,"href":"https:\/\/plazajuarez.mx\/historico\/wp-json\/wp\/v2\/categories?post=79112"},{"taxonomy":"post_tag","embeddable":true,"href":"https:\/\/plazajuarez.mx\/historico\/wp-json\/wp\/v2\/tags?post=79112"}],"curies":[{"name":"wp","href":"https:\/\/api.w.org\/{rel}","templated":true}]}}