{"id":79110,"date":"2019-02-19T14:48:35","date_gmt":"2019-02-19T14:48:35","guid":{"rendered":"http:\/\/plazajuarez.mx\/index\/index.php\/2019\/02\/19\/futbol-nacional-1328\/"},"modified":"2019-02-19T14:48:35","modified_gmt":"2019-02-19T14:48:35","slug":"futbol-nacional-1328","status":"publish","type":"post","link":"https:\/\/plazajuarez.mx\/historico\/futbol-nacional-1328\/","title":{"rendered":"Futbol Nacional"},"content":{"rendered":"<p>Suman cuatro t\u00e9cnicos cesados en la Liga MX<\/p>\n<p>  <!--more-->  <\/p>\n<p>En este Clausura 2019 se ha acelerado la guillotina de los directores t\u00e9cnicos. A estas alturas, en el Apertura 2018, s\u00f3lo dos entrenadores hab\u00edan sido despedidos, hoy, ya suman cuatro.\u2028Francisco Ayestar\u00e1n de Pachuca, por \u00e9l entr\u00f3 Mart\u00edn Palermo.\u2028David Pati\u00f1o de Pumas, en su lugar lleg\u00f3 Bruno Marioni.\u2028Enrique Meza de Puebla, por qui\u00e9n arrib\u00f3 Jos\u00e9 Luis S\u00e1nchez Sol\u00e1.\u2028Y finalmente Rafael Puente, y en su lugar llegar\u00eda V\u00edctor Manuel Vucetich.\u2028Pero la danza no termina. Los clubes necesitan buenos resultados, necesitan puntos y qui\u00e9n se los proporcione.\u2028\u00bfQui\u00e9nes est\u00e1n en peligro?\u2028Es claro que en Morelia las cosas no funcionan, y Roberto Hern\u00e1ndez est\u00e1 en la tablita. Una victoria, un empate y cinco derrotas para cuatro puntos, no dejan contento a nadie.\u2028Tambi\u00e9n est\u00e1 el caso de Hern\u00e1n Cristante con Toluca, la inversi\u00f3n que se hizo no va de la mano con los siete puntos que acumula el Diablo.\u2028Quiz\u00e1 Fidel Kuri, due\u00f1o de Veracruz, sabiendo que no se va a salvar y deber\u00e1n pagar los 120 millones de pesos para quedarse en la Liga MX, ya ni se preocupa por mover a Robert Dante Siboldi de su banquillo.\u2028Y por \u00faltimo, Pedro Caixinha en Cruz Azul. La directiva Cementera no es de las que corte proyecto a media campa\u00f1a pero&#8230; Tambi\u00e9n puede cambiar de opini\u00f3n.<br \/>**<\/p>\n<p>Jugadores del Am\u00e9rica no figuran en &#8220;once ideal&#8221; de la Liga MX<br \/>\u00a0\u00a0 \u00a0\u2022\u00a0\u00a0 \u00a0Tras su derrota y sosa actuaci\u00f3n ante Pumas (1-0), en el Ol\u00edmpico Universitario, ning\u00fan jugador azulcrema fue elegido para integrar la alineaci\u00f3n de fantas\u00eda de la semana, de la Liga MX\u2028\u2028\u2028<br \/>Golpe an\u00edmico para el Am\u00e9rica, al quedar descartado del once ideal de la s\u00e9ptima fecha del Clausura 2019.\u2028Tras su derrota y sosa actuaci\u00f3n ante Pumas (1-0), en el Ol\u00edmpico Universitario, ning\u00fan jugador azulcrema fue elegido para integrar la alineaci\u00f3n de fantas\u00eda de la semana, de la Liga MX.\u2028Misma situaci\u00f3n les ocurri\u00f3 en la J-6, en la goleada sufrida ante Le\u00f3n.\u2028En lo que va del torneo, pero a\u00fan con partido pendiente de la J-1, contra Necaxa, s\u00f3lo cuatro americanistas han sido considerados: Renato Ibarra, Guido Rodr\u00edguez, Cristian Insaurralde (ahora con Newell&#8217;s) y Cecilio Dom\u00ednguez (vendido al Independiente de Avellaneda).\u2028Para esta semana la Liga MX reconoci\u00f3 el esfuerzo de Gibr\u00e1n Lajud en la porter\u00eda del Tijuana; a los centrales Hugo Nervo (Santos) y Pablo Jaquez (Pumas); al lateral por derecha a Fernando Navarro (Le\u00f3n) y por izquierda a Aldo Cruz (Lobos BUAP).\u2028Carlos Rodr\u00edguez en la contenci\u00f3n (Monterrey), junto con los volantes Isaac Brizuela (Guadalajara) y \u00c1ngel Mena (Le\u00f3n).\u2028En la delantera al tridente conformado por Andr\u00e9-Pierre Gignac (Tigres), Rogelio Funes Mori (Monterrey) y Alexis Vega (Guadalajara), este \u00faltimo etiquetado como &#8220;Mejor Jugador de la Jornada&#8221;, mientras que Bruno Marioni se llev\u00f3 las palmas como &#8220;Mejor Entrenador&#8221;.\u2028Pero del vigente campe\u00f3n, nada.<br \/>**<br \/>V\u00edctor Manuel Vucetich es el nuevo DT de Gallos Blancos<\/p>\n<p>El t\u00e9cnico mexicano V\u00edctor Manuel Vucetich regresa a la direcci\u00f3n t\u00e9cnica los Gallos Blancos del Quer\u00e9taro. El &#8220;Rey Midas&#8221; llega despu\u00e9s que Rafael Puente Jr. fuera cesado del conjunto queretano tras la derrota frente a Lobos BUAP en la Jornada 7 del Clausura 2019.\u2028El t\u00e9cnico fue presentado esta tarde y dio sus primeras declaraciones. &#8220;Quiero agradecer a la directiva, la afici\u00f3n es muy fiel y siempre ha estado con el equipo, tengo el entorno de la ciudad, eso me da confianza&#8221;, mencion\u00f3 en conferencia de prensa.\u2028El &#8216;Rey Midas&#8217; tuvo grandes momentos con los queretanos, y hasta gan\u00f3 un t\u00edtulo de Copa, el d\u00eda Apertura 2016. En su palmar\u00e9s tiene cinco t\u00edtulos de Primera Divisi\u00f3n, tres de Copa, un Interliga, y tres Concachampions.<br \/>**<\/p>\n","protected":false},"excerpt":{"rendered":"<p>Suman cuatro t\u00e9cnicos cesados en la Liga MX<\/p>\n","protected":false},"author":93,"featured_media":0,"comment_status":"open","ping_status":"open","sticky":false,"template":"","format":"standard","meta":{"footnotes":""},"categories":[39],"tags":[],"class_list":["post-79110","post","type-post","status-publish","format-standard","hentry","category-deportiva"],"_links":{"self":[{"href":"https:\/\/plazajuarez.mx\/historico\/wp-json\/wp\/v2\/posts\/79110","targetHints":{"allow":["GET"]}}],"collection":[{"href":"https:\/\/plazajuarez.mx\/historico\/wp-json\/wp\/v2\/posts"}],"about":[{"href":"https:\/\/plazajuarez.mx\/historico\/wp-json\/wp\/v2\/types\/post"}],"author":[{"embeddable":true,"href":"https:\/\/plazajuarez.mx\/historico\/wp-json\/wp\/v2\/users\/93"}],"replies":[{"embeddable":true,"href":"https:\/\/plazajuarez.mx\/historico\/wp-json\/wp\/v2\/comments?post=79110"}],"version-history":[{"count":0,"href":"https:\/\/plazajuarez.mx\/historico\/wp-json\/wp\/v2\/posts\/79110\/revisions"}],"wp:attachment":[{"href":"https:\/\/plazajuarez.mx\/historico\/wp-json\/wp\/v2\/media?parent=79110"}],"wp:term":[{"taxonomy":"category","embeddable":true,"href":"https:\/\/plazajuarez.mx\/historico\/wp-json\/wp\/v2\/categories?post=79110"},{"taxonomy":"post_tag","embeddable":true,"href":"https:\/\/plazajuarez.mx\/historico\/wp-json\/wp\/v2\/tags?post=79110"}],"curies":[{"name":"wp","href":"https:\/\/api.w.org\/{rel}","templated":true}]}}