{"id":78828,"date":"2019-02-13T14:47:54","date_gmt":"2019-02-13T14:47:54","guid":{"rendered":"http:\/\/plazajuarez.mx\/index\/index.php\/2019\/02\/13\/mueren-dos-estudiantes-que-viajaban-en-moto\/"},"modified":"2019-02-13T14:47:54","modified_gmt":"2019-02-13T14:47:54","slug":"mueren-dos-estudiantes-que-viajaban-en-moto","status":"publish","type":"post","link":"https:\/\/plazajuarez.mx\/historico\/mueren-dos-estudiantes-que-viajaban-en-moto\/","title":{"rendered":"MUEREN DOS ESTUDIANTES QUE VIAJABAN EN MOTO"},"content":{"rendered":"<p>TRAGEDIA EN LA PACHUCA-CIUDAD SAHAG\u00daN <\/p>\n<p>  <!--more-->  <\/p>\n<p>La noche del lunes anterior a las 19:50 horas, en la carretera Pachuca-Ciudad Sahag\u00fan, a la altura de Xochihuac\u00e1n, se registr\u00f3 un accidente en el que dos estudiantes de la Universidad Polit\u00e9cnica de Pachuca perdieron la vida.<br \/>El informe que se dio indica que al n\u00famero 911 de Emergencias se report\u00f3 un accidente donde se vio involucrada una motocicleta Yamaha color negro con verde, sin placas de circulaci\u00f3n, con dos personas lesionadas.<br \/>Al sitio acudi\u00f3 la unidad de Protecci\u00f3n Civil de Mineral de la Reforma, quienes al tratar de prestar ayuda a los infortunados, terminaron por corroborar que ya no presentaban signos vitales, por lo que solicitaron el apoyo de personal de la Procuradur\u00eda General de Justicia de Hidalgo.<br \/>En el lugar se tuvo la asistencia de elementos de la polic\u00eda Municipal de Mineral de la Reforma, as\u00ed como de oficiales de la Polic\u00eda del Estado, quienes detallaron que los infortunados fueron un hombre y a una mujer.<br \/>Los fallecidos se dijo en vida alcanzaron una edad aproximada de 28 y 19 a\u00f1os, la m\u00e1s joven una mujer que portaba una credencial del IFE a nombre de Alejandra Laguna L\u00f3pez, vecina del municipio de Atotonilco de Tula.<\/p>\n","protected":false},"excerpt":{"rendered":"<p>TRAGEDIA EN LA PACHUCA-CIUDAD SAHAG\u00daN<\/p>\n","protected":false},"author":93,"featured_media":0,"comment_status":"open","ping_status":"open","sticky":false,"template":"","format":"standard","meta":{"footnotes":""},"categories":[37],"tags":[],"class_list":["post-78828","post","type-post","status-publish","format-standard","hentry","category-barandilla"],"_links":{"self":[{"href":"https:\/\/plazajuarez.mx\/historico\/wp-json\/wp\/v2\/posts\/78828","targetHints":{"allow":["GET"]}}],"collection":[{"href":"https:\/\/plazajuarez.mx\/historico\/wp-json\/wp\/v2\/posts"}],"about":[{"href":"https:\/\/plazajuarez.mx\/historico\/wp-json\/wp\/v2\/types\/post"}],"author":[{"embeddable":true,"href":"https:\/\/plazajuarez.mx\/historico\/wp-json\/wp\/v2\/users\/93"}],"replies":[{"embeddable":true,"href":"https:\/\/plazajuarez.mx\/historico\/wp-json\/wp\/v2\/comments?post=78828"}],"version-history":[{"count":0,"href":"https:\/\/plazajuarez.mx\/historico\/wp-json\/wp\/v2\/posts\/78828\/revisions"}],"wp:attachment":[{"href":"https:\/\/plazajuarez.mx\/historico\/wp-json\/wp\/v2\/media?parent=78828"}],"wp:term":[{"taxonomy":"category","embeddable":true,"href":"https:\/\/plazajuarez.mx\/historico\/wp-json\/wp\/v2\/categories?post=78828"},{"taxonomy":"post_tag","embeddable":true,"href":"https:\/\/plazajuarez.mx\/historico\/wp-json\/wp\/v2\/tags?post=78828"}],"curies":[{"name":"wp","href":"https:\/\/api.w.org\/{rel}","templated":true}]}}