{"id":78419,"date":"2019-02-05T11:30:48","date_gmt":"2019-02-05T11:30:48","guid":{"rendered":"http:\/\/plazajuarez.mx\/index\/index.php\/2019\/02\/05\/dudamel-musicalizara-el-segmento-in-memoriam-de-los-oscar\/"},"modified":"2019-02-05T11:30:48","modified_gmt":"2019-02-05T11:30:48","slug":"dudamel-musicalizara-el-segmento-in-memoriam-de-los-oscar","status":"publish","type":"post","link":"https:\/\/plazajuarez.mx\/historico\/dudamel-musicalizara-el-segmento-in-memoriam-de-los-oscar\/","title":{"rendered":"Dudamel musicalizar\u00e1 el segmento In Memoriam de los Oscar"},"content":{"rendered":"<p>La Academia de Hollywood anunci\u00f3 este lunes que la Orquesta Filarm\u00f3nica de Los Angeles, dirigida por Gustavo Dudamel, musicalizar\u00e1 en vivo el segmento In Memoriam, dedicado a recordar a los artistas fallecidos en el \u00faltimo a\u00f1o, de los premios Oscar 2019.<\/p>\n<p>  <!--more-->  <\/p>\n<p>La organizaci\u00f3n tambi\u00e9n dio a conocer \u00a0la primera tanda de presentadores que intervendr\u00e1n durante la gala: \u00a0Daniel Craig, Chris Evans, Tina Fey, Whoopi Goldberg, Brie Larson, Jennifer L\u00f3pez, Amy Poehler, Maya Rudolph, Amandla Stenberg, Charlize Theron, Tessa Thompson y Constance Wu.<\/p>\n<p>De esta forma se van conociendo detalles sobre el gran evento del pr\u00f3ximo d\u00eda 24, hasta ahora rodeado de un gran halo de misterio ya que todo apunta a que no contar\u00e1 con un maestro de ceremonias por primera vez en 30 a\u00f1os tras la renuncia de Kevin Hart.<\/p>\n<p>Lady Gaga y Bradley Cooper, los protagonistas de A Star is Born, se subir\u00e1n al escenario para interpretar &#8220;Shallow&#8221;, el tema de esa pel\u00edcula nominado como mejor canci\u00f3n original.<\/p>\n<p>Horas antes, la organizaci\u00f3n dijo que Gillian Welch y David Rawlings interpretar\u00e1n el tema nominado &#8220;When a Cowboy Trades His Spurs for Wings&#8221;, perteneciente a La balada de Buster Scruggs. Previamente, se hab\u00eda anunciado que &#8220;The Place Where Lost Things Go&#8221;, de El regreso de Mary Poppins, ser\u00eda interpretada por un invitado sorpresa, y que Jennifer Hudson actuar\u00e1 defendiendo el tema &#8220;I&#8217;ll Fight&#8221;, del documental RBG y escrito por Diane Warren.<\/p>\n<p>Se espera que &#8220;All the Stars&#8221;, de la producci\u00f3n Black Panther, sea tambi\u00e9n incluida en la ceremonia de los Oscar, pero a\u00fan no se ha anunciado oficialmente.<\/p>\n<p>Roma, de Alfonso Cuar\u00f3n, es la gran favorita para la ceremonia de los Oscar con un total de diez candidaturas, las mismas que The Favourite del griego Yorgos Lanthimos.<br \/>La estatuilla a mejor pel\u00edcula la disputar\u00e1n Infiltrado en el KKKlan, Black Panther -el primer filme de superh\u00e9roes que consigue este reconocimiento-, Bohemian Rhapsody, The Favourite, Green Book, Vice, Roma y A Star is born.<\/p>\n<p><\/p>\n","protected":false},"excerpt":{"rendered":"<p>La Academia de Hollywood anunci\u00f3 este lunes que la Orquesta Filarm\u00f3nica de Los Angeles, dirigida por Gustavo Dudamel, musicalizar\u00e1 en vivo el segmento In Memoriam, dedicado a recordar a los artistas fallecidos en el \u00faltimo a\u00f1o, de los premios Oscar 2019.<\/p>\n","protected":false},"author":93,"featured_media":0,"comment_status":"open","ping_status":"open","sticky":false,"template":"","format":"standard","meta":{"footnotes":""},"categories":[38],"tags":[],"class_list":["post-78419","post","type-post","status-publish","format-standard","hentry","category-show"],"_links":{"self":[{"href":"https:\/\/plazajuarez.mx\/historico\/wp-json\/wp\/v2\/posts\/78419","targetHints":{"allow":["GET"]}}],"collection":[{"href":"https:\/\/plazajuarez.mx\/historico\/wp-json\/wp\/v2\/posts"}],"about":[{"href":"https:\/\/plazajuarez.mx\/historico\/wp-json\/wp\/v2\/types\/post"}],"author":[{"embeddable":true,"href":"https:\/\/plazajuarez.mx\/historico\/wp-json\/wp\/v2\/users\/93"}],"replies":[{"embeddable":true,"href":"https:\/\/plazajuarez.mx\/historico\/wp-json\/wp\/v2\/comments?post=78419"}],"version-history":[{"count":0,"href":"https:\/\/plazajuarez.mx\/historico\/wp-json\/wp\/v2\/posts\/78419\/revisions"}],"wp:attachment":[{"href":"https:\/\/plazajuarez.mx\/historico\/wp-json\/wp\/v2\/media?parent=78419"}],"wp:term":[{"taxonomy":"category","embeddable":true,"href":"https:\/\/plazajuarez.mx\/historico\/wp-json\/wp\/v2\/categories?post=78419"},{"taxonomy":"post_tag","embeddable":true,"href":"https:\/\/plazajuarez.mx\/historico\/wp-json\/wp\/v2\/tags?post=78419"}],"curies":[{"name":"wp","href":"https:\/\/api.w.org\/{rel}","templated":true}]}}