{"id":78412,"date":"2019-02-05T11:28:32","date_gmt":"2019-02-05T11:28:32","guid":{"rendered":"http:\/\/plazajuarez.mx\/index\/index.php\/2019\/02\/05\/padre-de-familia-ofrece-recompensa-por-asesino-intelectual-de-su-hijo\/"},"modified":"2019-02-05T11:28:32","modified_gmt":"2019-02-05T11:28:32","slug":"padre-de-familia-ofrece-recompensa-por-asesino-intelectual-de-su-hijo","status":"publish","type":"post","link":"https:\/\/plazajuarez.mx\/historico\/padre-de-familia-ofrece-recompensa-por-asesino-intelectual-de-su-hijo\/","title":{"rendered":"PADRE DE FAMILIA OFRECE RECOMPENSA POR ASESINO INTELECTUAL DE SU HIJO"},"content":{"rendered":"<p>PUEBLA<\/p>\n<p>  <!--more-->  <\/p>\n<p>\u00a0<br \/>Ayer se dio a conocer que en diferentes redes sociales, el ex funcionario del Gobierno de Veracruz conden\u00f3 el que las autoridades del estado de Puebla, a\u00fan no tengan avances sobre las investigaciones para atrapar a todos los responsables por el asesinato de su v\u00e1stago<br \/>El padre de familia veracruzano Arturo Castagn\u00e9 Couturier ofreci\u00f3 un mill\u00f3n de pesos de recompensa a quienes ofrezcan informaci\u00f3n para detener a los responsables del asesinato de su hijo Arturo Castagn\u00e9, quien el a\u00f1o pasado muri\u00f3 en un aparente asalto en un hotel del municipio poblano de San Andr\u00e9s Cholula.<br \/>En sus redes sociales, el ex funcionario del Gobierno de Veracruz conden\u00f3 que las autoridades del estado de Puebla no tengan avances sobre las investigaciones para atrapar a todos los responsables del asesinato de su reto\u00f1o.<br \/>&#8220;Recompensa: Ante la opacidad e incompetencia de las autoridades y a seis meses de haber asesinado a mi hijo Arturo, ofrezco la cantidad de 1,000,000.00 (Un mill\u00f3n de pesos 00\/100) a la persona que me ayude a dar con el paradero del asesino, ap\u00f3yenme por favor a re twittear!!!&#8221;.<br \/>En agosto de 2018, el joven fue interceptado por un sujeto desconocido en el interior del hotel Camino Real en San Andr\u00e9s Cholula, zona conurbada a la ciudad de Puebla.<br \/>El individuo intent\u00f3 robarle su reloj a Arturo Castagn\u00e9, pero se resisti\u00f3 al asalto y recibi\u00f3 un disparo en la cabeza que cost\u00f3 su vida.<br \/>Para noviembre del a\u00f1o pasado, la Fiscal\u00eda General del Estado (FGE) de Puebla, inform\u00f3 que tres centroamericanos eran responsables de robos en la zona comercial de Ang\u00e9lopolis de Puebla, que se ubica cerca del lugar donde fue asesinado el hijo de Castagn\u00e9 Couturier.<br \/>D\u00edas despu\u00e9s se confirm\u00f3 que algunos de los centroamericanos fueron detenidos y estaban relacionados con la muerte de Arturo Castagn\u00e9, pero a\u00fan no es arrestado el actor intelectual de este delito.<br \/>Desde el crimen del joven, su padre no ha dejado de escribir sentidos mensajes en sus redes sociales para recordar a su hijo y exteriorizar el gran dolor que le acusa su ausencia.<\/p>\n","protected":false},"excerpt":{"rendered":"<p>PUEBLA<\/p>\n","protected":false},"author":93,"featured_media":0,"comment_status":"open","ping_status":"open","sticky":false,"template":"","format":"standard","meta":{"footnotes":""},"categories":[37],"tags":[],"class_list":["post-78412","post","type-post","status-publish","format-standard","hentry","category-barandilla"],"_links":{"self":[{"href":"https:\/\/plazajuarez.mx\/historico\/wp-json\/wp\/v2\/posts\/78412","targetHints":{"allow":["GET"]}}],"collection":[{"href":"https:\/\/plazajuarez.mx\/historico\/wp-json\/wp\/v2\/posts"}],"about":[{"href":"https:\/\/plazajuarez.mx\/historico\/wp-json\/wp\/v2\/types\/post"}],"author":[{"embeddable":true,"href":"https:\/\/plazajuarez.mx\/historico\/wp-json\/wp\/v2\/users\/93"}],"replies":[{"embeddable":true,"href":"https:\/\/plazajuarez.mx\/historico\/wp-json\/wp\/v2\/comments?post=78412"}],"version-history":[{"count":0,"href":"https:\/\/plazajuarez.mx\/historico\/wp-json\/wp\/v2\/posts\/78412\/revisions"}],"wp:attachment":[{"href":"https:\/\/plazajuarez.mx\/historico\/wp-json\/wp\/v2\/media?parent=78412"}],"wp:term":[{"taxonomy":"category","embeddable":true,"href":"https:\/\/plazajuarez.mx\/historico\/wp-json\/wp\/v2\/categories?post=78412"},{"taxonomy":"post_tag","embeddable":true,"href":"https:\/\/plazajuarez.mx\/historico\/wp-json\/wp\/v2\/tags?post=78412"}],"curies":[{"name":"wp","href":"https:\/\/api.w.org\/{rel}","templated":true}]}}