{"id":78411,"date":"2019-02-05T11:28:11","date_gmt":"2019-02-05T11:28:11","guid":{"rendered":"http:\/\/plazajuarez.mx\/index\/index.php\/2019\/02\/05\/amputan-brazo-a-menor-en-choque-camionero\/"},"modified":"2019-02-05T11:28:11","modified_gmt":"2019-02-05T11:28:11","slug":"amputan-brazo-a-menor-en-choque-camionero","status":"publish","type":"post","link":"https:\/\/plazajuarez.mx\/historico\/amputan-brazo-a-menor-en-choque-camionero\/","title":{"rendered":"AMPUTAN BRAZO A MENOR EN CHOQUE CAMIONERO"},"content":{"rendered":"<p>CDMX<\/p>\n<p>  <!--more-->  <\/p>\n<p>Un choque entre dos camiones de transporte p\u00fablico que circulaban sobre la Avenida de los Insurgentes Norte dej\u00f3 dos lesionados de gravedad y, como consecuencia del impacto, a un ni\u00f1o tuvieron que amputarle el brazo. El menor se encuentra convaleciente.<br \/>Los reportes policiacos indican que el accidente se registr\u00f3 a la altura del Deportivo 18 de Marzo direcci\u00f3n a Indios Verdes, aparentemente porque la unidad en la que viajaba el menor, iba a exceso de velocidad.<br \/>El lesionado fue trasladado de emergencia al Hospital Magdalena de las Salinas a bordo de una unidad del Escuadr\u00f3n de Rescate y Urgencias M\u00e9dicas (URUM) con n\u00famero econ\u00f3mico MX-061-G2.<br \/>Al sitio del incidente en la colonia Tepeyac Insurgentes tambi\u00e9n arrib\u00f3 personal de la Cruz Roja mexicana y bomberos de la estaci\u00f3n Saavedra, por lo que lateral de Insurgentes fue cerrada a la circulaci\u00f3n.<br \/>Ambas unidades de transporte p\u00fablico se dirig\u00edan hacia la estaci\u00f3n de Metro Potrero de la L\u00ednea 3.<\/p>\n","protected":false},"excerpt":{"rendered":"<p>CDMX<\/p>\n","protected":false},"author":93,"featured_media":0,"comment_status":"open","ping_status":"open","sticky":false,"template":"","format":"standard","meta":{"footnotes":""},"categories":[37],"tags":[],"class_list":["post-78411","post","type-post","status-publish","format-standard","hentry","category-barandilla"],"_links":{"self":[{"href":"https:\/\/plazajuarez.mx\/historico\/wp-json\/wp\/v2\/posts\/78411","targetHints":{"allow":["GET"]}}],"collection":[{"href":"https:\/\/plazajuarez.mx\/historico\/wp-json\/wp\/v2\/posts"}],"about":[{"href":"https:\/\/plazajuarez.mx\/historico\/wp-json\/wp\/v2\/types\/post"}],"author":[{"embeddable":true,"href":"https:\/\/plazajuarez.mx\/historico\/wp-json\/wp\/v2\/users\/93"}],"replies":[{"embeddable":true,"href":"https:\/\/plazajuarez.mx\/historico\/wp-json\/wp\/v2\/comments?post=78411"}],"version-history":[{"count":0,"href":"https:\/\/plazajuarez.mx\/historico\/wp-json\/wp\/v2\/posts\/78411\/revisions"}],"wp:attachment":[{"href":"https:\/\/plazajuarez.mx\/historico\/wp-json\/wp\/v2\/media?parent=78411"}],"wp:term":[{"taxonomy":"category","embeddable":true,"href":"https:\/\/plazajuarez.mx\/historico\/wp-json\/wp\/v2\/categories?post=78411"},{"taxonomy":"post_tag","embeddable":true,"href":"https:\/\/plazajuarez.mx\/historico\/wp-json\/wp\/v2\/tags?post=78411"}],"curies":[{"name":"wp","href":"https:\/\/api.w.org\/{rel}","templated":true}]}}