{"id":78408,"date":"2019-02-05T11:24:26","date_gmt":"2019-02-05T11:24:26","guid":{"rendered":"http:\/\/plazajuarez.mx\/index\/index.php\/2019\/02\/05\/futbol-nacional-1315\/"},"modified":"2019-02-05T11:24:26","modified_gmt":"2019-02-05T11:24:26","slug":"futbol-nacional-1315","status":"publish","type":"post","link":"https:\/\/plazajuarez.mx\/historico\/futbol-nacional-1315\/","title":{"rendered":"Futbol Nacional"},"content":{"rendered":"<p>Debut de Nicol\u00e1s Castillo con Am\u00e9rica tendr\u00e1 que esperar<br \/>\u00a0\u00a0 \u00a0\u2022\u00a0\u00a0 \u00a0El andino ya dej\u00f3 guardada la imagen auriazul. Ahora se envuelve de azulcrema, para vivir su segunda aventura en la Liga MX\u2028\u2028\u2028<\/p>\n<p>  <!--more-->  <\/p>\n<p>Nicol\u00e1s Castillo qued\u00f3 descartado para el partido de Copa que sostendr\u00e1 Am\u00e9rica hoy ante los Rayos del Necaxa, en duelo que se disputar\u00e1 en la cancha del Estadio Azteca.\u2028Castillo no fue convocado para el encuentro, de hecho, no entren\u00f3 este d\u00eda y solo realiz\u00f3 trabajo de gimnasio.\u2028El ariete tiene sus documentos en regla y no tendr\u00e1 problema para jugar el s\u00e1bado pr\u00f3ximo ante los Esmeraldas de Le\u00f3n dentro de la jornada 6.\u2028El andino ya dej\u00f3 guardada la imagen auriazul. Ahora se envuelve de azulcrema, para vivir su segunda aventura en la Liga MX.\u2028El chileno ya presumi\u00f3 su nuevo dorsal 15, en una fotograf\u00eda junto a Santiago Ba\u00f1os, director deportivo del Am\u00e9rica.\u2028&#8221;Bienvenido al Nido&#8221;, manifest\u00f3 la entidad americanista en redes sociales.\u2028&#8221;Ya present\u00f3 los ex\u00e1menes m\u00e9dicos y hoy empez\u00f3 a trabajar (diferenciado en el gimnasio), para que se adapte lo m\u00e1s r\u00e1pido posible&#8221;, destac\u00f3 Ba\u00f1os.<br \/>**<br \/>Jugador de Dorados se tat\u00faa el rostro de Maradona<\/p>\n<p>\u00a0Diego Armando Maradona es inspiraci\u00f3n en Dorados. El rostro del estratega es bendito para algunos de sus pupilos, como Gaspar Servio. El guardameta difundi\u00f3 en redes sociales su admiraci\u00f3n por Maradona con un tatuaje.\u2028El argentino, titular indiscutible del equipo, inmortaliz\u00f3 a su t\u00e9cnico con todo y gorra del &#8216;Gran Pez&#8217;, lo que gener\u00f3 diversas reacciones de sus seguidores en Instagram. &#8220;Creo en Dios&#8221;, expres\u00f3 el portero con fotograf\u00edas que dan testigo del proceso del tatuaje en su pierna.\u2028Servio, de 26 a\u00f1os de edad y nacido en Buenos Aires, lleg\u00f3 a Dorados en 2016. Tuvo un breve paso por Cafetaleros en 2018, para despu\u00e9s regresar con los sinaloenses y quedar subcampe\u00f3n del Ascenso MX.<br \/>**<br \/>Cruz Azul buscar\u00e1 apelar expulsi\u00f3n de Yoshimar Yot\u00fan<br \/>\u00a0\u00a0 \u00a0\u2022\u00a0\u00a0 \u00a0La M\u00e1quina regresa a Le\u00f3n el mi\u00e9rcoles, correspondiente a la Copa MX, una derrota m\u00e1s y quedar\u00eda pr\u00e1cticamente eliminada en su b\u00fasqueda por el bicampeonato\u2028<br \/>\u00a0<\/p>\n<p>El Cruz Azul buscar\u00e1n la apelaci\u00f3n de la expulsi\u00f3n que recibi\u00f3 Yoshimar Yot\u00fan, durante la derrota 2-0 ante el Le\u00f3n.\u2028Los cementeros ven injusta la tarjeta roja del peruano y enviaron la solicitud a la Comisi\u00f3n Disciplinaria, para que el sudamericano pueda jugar el domingo, contra Toluca.\u2028Yot\u00fan jal\u00f3 de la camiseta a Fernando Navarro dentro del \u00e1rea y el silbante Diego Monta\u00f1o marc\u00f3 la pena m\u00e1xima, despu\u00e9s consult\u00f3 con el VAR y expuls\u00f3 al refuerzo de La M\u00e1quina.\u2028Con las bajas de Adri\u00e1n Aldrete y Pablo Aguilar, por lesi\u00f3n, y que se mantienen en duda para enfrentar a los Diablos Rojos el domingo, la directiva del Cruz Azul espera que sea v\u00e1lida la apelaci\u00f3n para el peruano.\u2028La M\u00e1quina regresa a Le\u00f3n el mi\u00e9rcoles, correspondiente a la Copa MX, una derrota m\u00e1s y quedar\u00eda pr\u00e1cticamente eliminada en su b\u00fasqueda por el bicampeonato.<\/p>\n","protected":false},"excerpt":{"rendered":"<p>Debut de Nicol\u00e1s Castillo con Am\u00e9rica tendr\u00e1 que esperar\u00a0\u00a0 \u00a0\u2022\u00a0\u00a0 \u00a0El andino ya dej\u00f3 guardada la imagen auriazul. Ahora se envuelve de azulcrema, para vivir su segunda aventura en la Liga MX\u2028\u2028\u2028<\/p>\n","protected":false},"author":93,"featured_media":0,"comment_status":"open","ping_status":"open","sticky":false,"template":"","format":"standard","meta":{"footnotes":""},"categories":[39],"tags":[],"class_list":["post-78408","post","type-post","status-publish","format-standard","hentry","category-deportiva"],"_links":{"self":[{"href":"https:\/\/plazajuarez.mx\/historico\/wp-json\/wp\/v2\/posts\/78408","targetHints":{"allow":["GET"]}}],"collection":[{"href":"https:\/\/plazajuarez.mx\/historico\/wp-json\/wp\/v2\/posts"}],"about":[{"href":"https:\/\/plazajuarez.mx\/historico\/wp-json\/wp\/v2\/types\/post"}],"author":[{"embeddable":true,"href":"https:\/\/plazajuarez.mx\/historico\/wp-json\/wp\/v2\/users\/93"}],"replies":[{"embeddable":true,"href":"https:\/\/plazajuarez.mx\/historico\/wp-json\/wp\/v2\/comments?post=78408"}],"version-history":[{"count":0,"href":"https:\/\/plazajuarez.mx\/historico\/wp-json\/wp\/v2\/posts\/78408\/revisions"}],"wp:attachment":[{"href":"https:\/\/plazajuarez.mx\/historico\/wp-json\/wp\/v2\/media?parent=78408"}],"wp:term":[{"taxonomy":"category","embeddable":true,"href":"https:\/\/plazajuarez.mx\/historico\/wp-json\/wp\/v2\/categories?post=78408"},{"taxonomy":"post_tag","embeddable":true,"href":"https:\/\/plazajuarez.mx\/historico\/wp-json\/wp\/v2\/tags?post=78408"}],"curies":[{"name":"wp","href":"https:\/\/api.w.org\/{rel}","templated":true}]}}