{"id":78407,"date":"2019-02-05T11:24:25","date_gmt":"2019-02-05T11:24:25","guid":{"rendered":"http:\/\/plazajuarez.mx\/index\/index.php\/2019\/02\/05\/futbol-internacional-541\/"},"modified":"2019-02-05T11:24:25","modified_gmt":"2019-02-05T11:24:25","slug":"futbol-internacional-541","status":"publish","type":"post","link":"https:\/\/plazajuarez.mx\/historico\/futbol-internacional-541\/","title":{"rendered":"Futbol Internacional"},"content":{"rendered":"<p>Lainez es sensaci\u00f3n entre la prensa espa\u00f1ola<br \/>\u00a0<br \/>DECLARACI\u00d3N<br \/>&#8220;La estrella mexicana de 18 a\u00f1os, Diego Lainez, estaba bajo el punto de mira de varios clubes en toda Europa pero el Real Betis gan\u00f3 a todos los dem\u00e1s aspirantes a su fichaje firmando un acuerdo con el jugador a principios de la ventana de enero\u201d<br \/>\u00a0<\/p>\n<p>  <!--more-->  <\/p>\n<p>Con el par\u00f3n invernal, las expectativas en la Liga espa\u00f1ola estaban sobre las nuevas contrataciones que podr\u00edan venir del extranjero. El mexicano Diego Lainez fue uno de los fichajes m\u00e1s llamativos de la Liga. La fanaticada del Real Betis y la prensa europea destacaron la juventud (18 a\u00f1os) del futbolista proveniente del Am\u00e9rica.\u2028&#8221;La estrella mexicana de 18 a\u00f1os, Diego Lainez, estaba bajo el punto de mira de varios clubes en toda Europa pero el Real Betis gan\u00f3 a todos los dem\u00e1s aspirantes a su fichaje firmando un acuerdo con el jugador a principios de la ventana de enero.\u00a0\u2028&#8221;El extremo ya hizo cuatro apariciones con el equipo andaluz y su energ\u00eda y empuje fueron vitales en la victoria de su nuevo club en los cuartos de final sobre el Espanyol en la Copa del Rey. Los aficionados del Benito Villamar\u00edn esperan ver muchas contribuciones similares por parte de Lainez en las pr\u00f3ximas semanas, meses y a\u00f1os&#8221;, mencion\u00f3 la Liga de Espa\u00f1a en un an\u00e1lisis sobre los fichajes de la temporada.\u00a0\u2028Otra de las novedades de la llamada &#8220;Liga de las Estrellas&#8221; fue el retorno del espa\u00f1ol \u00c1lvaro Morata. Sin embargo, no lo hizo como merengue, sino con el Atl\u00e9tico de Madrid. Despu\u00e9s de pasar sin pena ni gloria con el Chelsea, en la Premier League, el ex merengue sufri\u00f3 todo tipo de cr\u00edticas.\u00a0\u2028El top-5 lo cierran las transferencias de Vicente Iborra, que pas\u00f3 del Leicester City al Villarreal, el delantero chino Wu Lei sali\u00f3 del Shanghai SIPG para confirmarse con el Espanyol, y Samu S\u00e1iz que arrib\u00f3 al Getafe, procedente del Leeds United.<br \/>\u00a0<br \/>\u00a0<br \/>**<br \/>\u00a0<br \/>Equipo varonil insulta a sus compa\u00f1eras de equipo femenil en Espa\u00f1a<\/p>\n<p>Insultos sexistas durante un partido femenil en Espa\u00f1a provocaron una serie de protestas y cr\u00edticas, con im\u00e1genes que ya le dieron la vuelta al mundo.\u00a0\u2028Mientras se enfrentaban los cuadros femeniles del Terrassa B y EF Viladecavalls, en actividad de la Segunda Divisi\u00f3n de la categor\u00eda, un grupo de jugadores del representativo veterano del Terrassa FC lanzaron improperios contra sus compa\u00f1eras, a quienes exigieron dejar la cancha porque ten\u00edan que jugar despu\u00e9s de ellas. &#8220;Este partido tendr\u00eda que estar suspendido, no deber\u00eda jugarse&#8221;, expres\u00f3 el grupo veterano, seg\u00fan report\u00f3 la c\u00e9dula arbitral.\u2028Sin embargo, las jugadoras del Terrassa que escucharon las quejas, recriminaron. Pero, los jugadores respondieron con insultos: &#8220;Iros a la cocina, iros a fregar, sois unas mierdas, sois unas cerdas&#8221;.\u00a0\u2028De inmediato, las jugadoras tanto del Terrassa y del EF Viladecavalls se unieron a la pelea verbal contra los veteranos, lo que provoc\u00f3 la suspensi\u00f3n de partido a los 75 minutos. Posteriormente, las futbolistas de ambos equipos se plantaron en el c\u00edrculo central del Estadio Ol\u00edmpic de Terrassa, con algunos letreros que dec\u00edan &#8220;Orgullosas&#8221;, con la intenci\u00f3n de evitar que el partido varonil se disputara.\u00a0\u2028Tras el impacto social y deportivo que gener\u00f3 la protesta durante el fin de semana, el club Terrassa FC se manifest\u00f3 al respecto: &#8220;Nuestros valores est\u00e1n muy alejados de la imagen que se dio. De ninguna forma podemos aceptar que se utilice la violencia para conseguir un fin, por m\u00e1s leg\u00edtimo que sea&#8221;. Por el momento, la entidad catalana no ha confirmado sanciones internas.<\/p>\n","protected":false},"excerpt":{"rendered":"<p>Lainez es sensaci\u00f3n entre la prensa espa\u00f1ola\u00a0DECLARACI\u00d3N&#8220;La estrella mexicana de 18 a\u00f1os, Diego Lainez, estaba bajo el punto de mira de varios clubes en toda Europa pero el Real Betis gan\u00f3 a todos los dem\u00e1s aspirantes a su fichaje firmando un acuerdo con el jugador a principios de la ventana de enero\u201d\u00a0<\/p>\n","protected":false},"author":93,"featured_media":0,"comment_status":"open","ping_status":"open","sticky":false,"template":"","format":"standard","meta":{"footnotes":""},"categories":[39],"tags":[],"class_list":["post-78407","post","type-post","status-publish","format-standard","hentry","category-deportiva"],"_links":{"self":[{"href":"https:\/\/plazajuarez.mx\/historico\/wp-json\/wp\/v2\/posts\/78407","targetHints":{"allow":["GET"]}}],"collection":[{"href":"https:\/\/plazajuarez.mx\/historico\/wp-json\/wp\/v2\/posts"}],"about":[{"href":"https:\/\/plazajuarez.mx\/historico\/wp-json\/wp\/v2\/types\/post"}],"author":[{"embeddable":true,"href":"https:\/\/plazajuarez.mx\/historico\/wp-json\/wp\/v2\/users\/93"}],"replies":[{"embeddable":true,"href":"https:\/\/plazajuarez.mx\/historico\/wp-json\/wp\/v2\/comments?post=78407"}],"version-history":[{"count":0,"href":"https:\/\/plazajuarez.mx\/historico\/wp-json\/wp\/v2\/posts\/78407\/revisions"}],"wp:attachment":[{"href":"https:\/\/plazajuarez.mx\/historico\/wp-json\/wp\/v2\/media?parent=78407"}],"wp:term":[{"taxonomy":"category","embeddable":true,"href":"https:\/\/plazajuarez.mx\/historico\/wp-json\/wp\/v2\/categories?post=78407"},{"taxonomy":"post_tag","embeddable":true,"href":"https:\/\/plazajuarez.mx\/historico\/wp-json\/wp\/v2\/tags?post=78407"}],"curies":[{"name":"wp","href":"https:\/\/api.w.org\/{rel}","templated":true}]}}