{"id":78404,"date":"2019-02-05T11:24:21","date_gmt":"2019-02-05T11:24:21","guid":{"rendered":"http:\/\/plazajuarez.mx\/index\/index.php\/2019\/02\/05\/tragico-fin-de-semana-para-toda-una-familia\/"},"modified":"2019-02-05T11:24:21","modified_gmt":"2019-02-05T11:24:21","slug":"tragico-fin-de-semana-para-toda-una-familia","status":"publish","type":"post","link":"https:\/\/plazajuarez.mx\/historico\/tragico-fin-de-semana-para-toda-una-familia\/","title":{"rendered":"Tr\u00e1gico fin de semana para toda una familia"},"content":{"rendered":"<p>Apan<\/p>\n<p>\u00a0\u00a0 \u2022\u00a0\u00a0 \u00a0Exceso de velocidad; p\u00e9rdida de control, invasi\u00f3n del carril contrario\u2026 choque de frente: dos muertos y siete lesionados\u2028<\/p>\n<p>Los elementos policiacos que arribaron al lugar del incidente, se percataron que el choque de frente fue entre una camioneta marca Nissan, tipo Quest, de color Gris Oxford, con placas de circulaci\u00f3n NEU-8051 del Estado de M\u00e9xico y un auto compacto marca Volkswagen, tipo Derby, color blanco, placas de circulaci\u00f3n HJU-300-A del estado de Hidalgo, en donde hab\u00eda varios heridos, entre ellos menores de edad<\/p>\n<p>  <!--more-->  <\/p>\n<p>\u00a0<br \/>Tr\u00e1gico fin de semana dej\u00f3 como saldo dos muertos y siete heridos, resultado de un choque de frente entre dos veh\u00edculos particulares. El accidente \u00a0fue reportado alrededor de las 22:00 horas del domingo,\u00a0a la comandancia de Seguridad P\u00fablica municipal. <\/p>\n<p>Se se\u00f1al\u00f3 que sobre la carretera interestatal Apan-La Uni\u00f3n, Tlaxcala, a la altura de la comunidad de Ocotepec, se hab\u00edan impactado de frente dos unidades, y que requer\u00edan la presencia de ambulancias, ya que hab\u00eda varios heridos, y que era necesario la atenci\u00f3n m\u00e9dica.<\/p>\n<p>Los elementos policiacos que arribaron al lugar del incidente, se percataron que la colisi\u00f3n\u00a0de frente fue entre una camioneta marca Nissan, tipo Quest, de color gris oxford, con placas de circulaci\u00f3n NEU-8051 del Estado de M\u00e9xico y un auto compacto marca Volkswagen, tipo Derby, color blanco, placas de circulaci\u00f3n HJU-300-A del estado de Hidalgo, en donde hab\u00eda varios heridos, entre ellos menores de edad.<\/p>\n<p>Ante la grave situaci\u00f3n se pidi\u00f3 apoyo a la Cruz Roja de Apan, y de param\u00e9dicos de Protecci\u00f3n Civil de Almoloya y de Apan, quienes brindaron los primeros auxilios a los heridos. Reportaron que dos personas hab\u00edan fallecido.<\/p>\n<p>Los param\u00e9dicos, debido a la gravedad de las lesiones que presentaban cuatro menores de edad, todos ellos hermanos, as\u00ed como tres adultos, fueron trasladados al Hospital Regional del Altiplano.<\/p>\n<p>Los menores fueron identificados como, Kevin Gael, de 12 a\u00f1os, Santiago de 9 a\u00f1os, Tadeo, de 4, Mar\u00eda de Jes\u00fas, de 9 a\u00f1os.<\/p>\n<p>Los adultos responden a los nombres de Francisco RL, de 44 a\u00f1os, Ricardo JM, de 31 a\u00f1os, y Am\u00e9rica Iv\u00f3n, de 30 a\u00f1os.<\/p>\n<p>Los fallecidos fueron identificados como Leticia MR, de 50 a\u00f1os, con domicilio en calle Esterlinas 60, de la colonia Sim\u00f3n Bol\u00edvar, sin especificar la ciudad, y Federico CH, con domicilio conocido en \u00a0San Isidro, municipio de Almoloya.<\/p>\n<p>Uno de los testigos presenciales se\u00f1al\u00f3 que el choque frontal, se debi\u00f3 a que el conductor del carro blanco perdi\u00f3 el control, ya que circulaba a exceso de velocidad, lo que ocasion\u00f3 que invadiera el carril contrario, impactando de lleno contra la camioneta.<\/p>\n","protected":false},"excerpt":{"rendered":"<p>Apan \u00a0\u00a0 \u2022\u00a0\u00a0 \u00a0Exceso de velocidad; p\u00e9rdida de control, invasi\u00f3n del carril contrario\u2026 choque de frente: dos muertos y siete lesionados\u2028 Los elementos policiacos que arribaron al lugar del incidente, se percataron que el choque de frente fue entre una camioneta marca Nissan, tipo Quest, de color Gris Oxford, con placas de circulaci\u00f3n NEU-8051 del [&hellip;]<\/p>\n","protected":false},"author":93,"featured_media":0,"comment_status":"open","ping_status":"open","sticky":false,"template":"","format":"standard","meta":{"footnotes":""},"categories":[40],"tags":[],"class_list":["post-78404","post","type-post","status-publish","format-standard","hentry","category-region"],"_links":{"self":[{"href":"https:\/\/plazajuarez.mx\/historico\/wp-json\/wp\/v2\/posts\/78404","targetHints":{"allow":["GET"]}}],"collection":[{"href":"https:\/\/plazajuarez.mx\/historico\/wp-json\/wp\/v2\/posts"}],"about":[{"href":"https:\/\/plazajuarez.mx\/historico\/wp-json\/wp\/v2\/types\/post"}],"author":[{"embeddable":true,"href":"https:\/\/plazajuarez.mx\/historico\/wp-json\/wp\/v2\/users\/93"}],"replies":[{"embeddable":true,"href":"https:\/\/plazajuarez.mx\/historico\/wp-json\/wp\/v2\/comments?post=78404"}],"version-history":[{"count":0,"href":"https:\/\/plazajuarez.mx\/historico\/wp-json\/wp\/v2\/posts\/78404\/revisions"}],"wp:attachment":[{"href":"https:\/\/plazajuarez.mx\/historico\/wp-json\/wp\/v2\/media?parent=78404"}],"wp:term":[{"taxonomy":"category","embeddable":true,"href":"https:\/\/plazajuarez.mx\/historico\/wp-json\/wp\/v2\/categories?post=78404"},{"taxonomy":"post_tag","embeddable":true,"href":"https:\/\/plazajuarez.mx\/historico\/wp-json\/wp\/v2\/tags?post=78404"}],"curies":[{"name":"wp","href":"https:\/\/api.w.org\/{rel}","templated":true}]}}