{"id":78402,"date":"2019-02-05T11:24:20","date_gmt":"2019-02-05T11:24:20","guid":{"rendered":"http:\/\/plazajuarez.mx\/index\/index.php\/2019\/02\/05\/acusan-de-que-negligencia-medica-le-quito-la-vida-a-una-abuelita\/"},"modified":"2019-02-05T11:24:20","modified_gmt":"2019-02-05T11:24:20","slug":"acusan-de-que-negligencia-medica-le-quito-la-vida-a-una-abuelita","status":"publish","type":"post","link":"https:\/\/plazajuarez.mx\/historico\/acusan-de-que-negligencia-medica-le-quito-la-vida-a-una-abuelita\/","title":{"rendered":"Acusan de que negligencia m\u00e9dica le quit\u00f3 la vida a una abuelita"},"content":{"rendered":"<p>Actopan <br \/>\u00a0\u00a0 \u00a0\u2022\u00a0\u00a0 \u00a0Mencionaron que el diagn\u00f3stico de la doctora nunca fue profesional, pues siempre expres\u00f3 la palabra \u201ccreo\u201d; no era preciso.\u2028<br \/>La desesperaci\u00f3n los empuj\u00f3 a ingresar por la fuerza al cuarto donde estaba la abuelita, y fue en ese momento cuando descubrieron que hab\u00eda fallecido. Presente ah\u00ed la doctora, le pidieron una explicaci\u00f3n coherente que no recibieron, pues la m\u00e9dico se sali\u00f3 del sitio. <\/p>\n<p>  <!--more-->  <\/p>\n<p>En Actopan, acusan presunta negligencia m\u00e9dica en el Hospital General de Actopan tras la muerte de una abuela, quien nunca recibi\u00f3 un diagn\u00f3stico exacto.<br \/>Abril Zamora, nieta, de forma franca manifest\u00f3 que su queja sobre lo sucedido no le devolver\u00e1 la vida a su ser querido, sin embargo, indic\u00f3 que es necesario que mejore el servicio p\u00fablico en este lugar.<br \/>Con tristeza, recuerda que una semana estuvo su abuelita internada en el Hospital General de Actopan. Pendientes siempre estuvieron de lo que requiriera personal del nosocomio, \u201cel d\u00eda 30 de enero perdimos a un ser querido en este hospital, todo fue por negligencia m\u00e9dica, ya que la doctora que la ten\u00eda que tratar nunca hizo nada. Se llama Iv\u00f3n. La mantuvo con suero y uno que otro medicamento, gracias a su ineptitud no hizo nada\u201d.<br \/>Por si fuera poco, mencionaron que el diagn\u00f3stico nunca fue profesional, pues siempre expres\u00f3 la palabra \u201ccreo\u201d; no era preciso. Ante la falta de mejoramiento al estado de salud de la abuela, decidieron el 30 de enero cambiarla de nosocomio, as\u00ed que solicitaron el alta que fue muy prolongada, pues el papeleo comenz\u00f3 a las 18:00 horas y el tiempo transcurri\u00f3 sin que les resolvieran el tr\u00e1mite. <br \/>Fue entonces que los \u00e1nimos de la familia se exaltaron, mientras que personal de seguridad estaba a la defensiva. <br \/>La desesperaci\u00f3n los empuj\u00f3 a ingresar por la fuerza al cuarto donde la abuelita estaba, y fue en ese momento cuando descubrieron que hab\u00eda fallecido. <br \/>Presente ah\u00ed la doctora, le pidieron una explicaci\u00f3n coherente que no recibieron, pues la m\u00e9dico se sali\u00f3 del sitio. <br \/>Abril Zamora confiesa que es un acto indignante para la familia, \u201cyo s\u00e9 que esto no me devolver\u00e1 a mi abuelita, pero s\u00e9 que esto ayudar\u00e1 a m\u00e1s personas en pensar dos veces en meter a su familiar aqu\u00ed\u201d, se\u00f1ala.<\/p>\n","protected":false},"excerpt":{"rendered":"<p>Actopan \u00a0\u00a0 \u00a0\u2022\u00a0\u00a0 \u00a0Mencionaron que el diagn\u00f3stico de la doctora nunca fue profesional, pues siempre expres\u00f3 la palabra \u201ccreo\u201d; no era preciso.\u2028La desesperaci\u00f3n los empuj\u00f3 a ingresar por la fuerza al cuarto donde estaba la abuelita, y fue en ese momento cuando descubrieron que hab\u00eda fallecido. Presente ah\u00ed la doctora, le pidieron una explicaci\u00f3n coherente [&hellip;]<\/p>\n","protected":false},"author":93,"featured_media":0,"comment_status":"open","ping_status":"open","sticky":false,"template":"","format":"standard","meta":{"footnotes":""},"categories":[40],"tags":[],"class_list":["post-78402","post","type-post","status-publish","format-standard","hentry","category-region"],"_links":{"self":[{"href":"https:\/\/plazajuarez.mx\/historico\/wp-json\/wp\/v2\/posts\/78402","targetHints":{"allow":["GET"]}}],"collection":[{"href":"https:\/\/plazajuarez.mx\/historico\/wp-json\/wp\/v2\/posts"}],"about":[{"href":"https:\/\/plazajuarez.mx\/historico\/wp-json\/wp\/v2\/types\/post"}],"author":[{"embeddable":true,"href":"https:\/\/plazajuarez.mx\/historico\/wp-json\/wp\/v2\/users\/93"}],"replies":[{"embeddable":true,"href":"https:\/\/plazajuarez.mx\/historico\/wp-json\/wp\/v2\/comments?post=78402"}],"version-history":[{"count":0,"href":"https:\/\/plazajuarez.mx\/historico\/wp-json\/wp\/v2\/posts\/78402\/revisions"}],"wp:attachment":[{"href":"https:\/\/plazajuarez.mx\/historico\/wp-json\/wp\/v2\/media?parent=78402"}],"wp:term":[{"taxonomy":"category","embeddable":true,"href":"https:\/\/plazajuarez.mx\/historico\/wp-json\/wp\/v2\/categories?post=78402"},{"taxonomy":"post_tag","embeddable":true,"href":"https:\/\/plazajuarez.mx\/historico\/wp-json\/wp\/v2\/tags?post=78402"}],"curies":[{"name":"wp","href":"https:\/\/api.w.org\/{rel}","templated":true}]}}