{"id":78399,"date":"2019-02-05T11:24:16","date_gmt":"2019-02-05T11:24:16","guid":{"rendered":"http:\/\/plazajuarez.mx\/index\/index.php\/2019\/02\/05\/educacion-con-valores-para-jovenes-de-hidalgo\/"},"modified":"2019-02-05T11:24:16","modified_gmt":"2019-02-05T11:24:16","slug":"educacion-con-valores-para-jovenes-de-hidalgo","status":"publish","type":"post","link":"https:\/\/plazajuarez.mx\/historico\/educacion-con-valores-para-jovenes-de-hidalgo\/","title":{"rendered":"EDUCACI\u00d3N CON VALORES PARA J\u00d3VENES DE HIDALGO"},"content":{"rendered":"<p>SEPH\u00a0 <br \/>\u00a0\u00a0 \u00a0\u2022\u00a0\u00a0 \u00a0Se llev\u00f3 a cabo en d\u00edas recientes la Conferencia &#8220;La semilla de la verdad&#8221; impartida por Carolina Prieto Pel\u00e1ez y Andr\u00e9s Gulias Prieto\u2028<\/p>\n<p>  <!--more-->  <\/p>\n<p>Con la finalidad de compartir entre la poblaci\u00f3n del nivel educativo Medio Superior y Superior el concepto de valores humanos por medio del agradecimiento, aceptaci\u00f3n y esperanza, se llev\u00f3 a cabo en d\u00edas recientes la Conferencia &#8220;La semilla de la verdad&#8221; impartida por Carolina Prieto Pel\u00e1ez y Andr\u00e9s Gulias Prieto, a la cual asistieron autoridades educativas encabezadas por el titular de la SEPH, Atilano Rodr\u00edguez P\u00e9rez. <\/p>\n<p>A dicha ponencia, la cual tuvo por sede el auditorio del Instituto de Formaci\u00f3n Profesional de la Secretar\u00eda de Seguridad P\u00fablica, acudieron directivos de los diversos subsistemas de Educaci\u00f3n Media Superior, estudiantes de dicho centro formativo, as\u00ed como de universidades polit\u00e9cnicas y tecnol\u00f3gicas de la entidad.<\/p>\n<p>El contenido vertido por los ponentes de la conferencia, contribuye al fortalecimiento de una educaci\u00f3n orientada hacia los valores humanos y la \u00e9tica.<\/p>\n","protected":false},"excerpt":{"rendered":"<p>SEPH\u00a0 \u00a0\u00a0 \u00a0\u2022\u00a0\u00a0 \u00a0Se llev\u00f3 a cabo en d\u00edas recientes la Conferencia &#8220;La semilla de la verdad&#8221; impartida por Carolina Prieto Pel\u00e1ez y Andr\u00e9s Gulias Prieto\u2028<\/p>\n","protected":false},"author":93,"featured_media":0,"comment_status":"open","ping_status":"open","sticky":false,"template":"","format":"standard","meta":{"footnotes":""},"categories":[59],"tags":[],"class_list":["post-78399","post","type-post","status-publish","format-standard","hentry","category-general"],"_links":{"self":[{"href":"https:\/\/plazajuarez.mx\/historico\/wp-json\/wp\/v2\/posts\/78399","targetHints":{"allow":["GET"]}}],"collection":[{"href":"https:\/\/plazajuarez.mx\/historico\/wp-json\/wp\/v2\/posts"}],"about":[{"href":"https:\/\/plazajuarez.mx\/historico\/wp-json\/wp\/v2\/types\/post"}],"author":[{"embeddable":true,"href":"https:\/\/plazajuarez.mx\/historico\/wp-json\/wp\/v2\/users\/93"}],"replies":[{"embeddable":true,"href":"https:\/\/plazajuarez.mx\/historico\/wp-json\/wp\/v2\/comments?post=78399"}],"version-history":[{"count":0,"href":"https:\/\/plazajuarez.mx\/historico\/wp-json\/wp\/v2\/posts\/78399\/revisions"}],"wp:attachment":[{"href":"https:\/\/plazajuarez.mx\/historico\/wp-json\/wp\/v2\/media?parent=78399"}],"wp:term":[{"taxonomy":"category","embeddable":true,"href":"https:\/\/plazajuarez.mx\/historico\/wp-json\/wp\/v2\/categories?post=78399"},{"taxonomy":"post_tag","embeddable":true,"href":"https:\/\/plazajuarez.mx\/historico\/wp-json\/wp\/v2\/tags?post=78399"}],"curies":[{"name":"wp","href":"https:\/\/api.w.org\/{rel}","templated":true}]}}