{"id":78398,"date":"2019-02-05T11:24:16","date_gmt":"2019-02-05T11:24:16","guid":{"rendered":"http:\/\/plazajuarez.mx\/index\/index.php\/2019\/02\/05\/piden-no-criminalizar-ni-revictimizar-en-el-caso-de-la-huelga-de-hambre-en-la-upp\/"},"modified":"2019-02-05T11:24:16","modified_gmt":"2019-02-05T11:24:16","slug":"piden-no-criminalizar-ni-revictimizar-en-el-caso-de-la-huelga-de-hambre-en-la-upp","status":"publish","type":"post","link":"https:\/\/plazajuarez.mx\/historico\/piden-no-criminalizar-ni-revictimizar-en-el-caso-de-la-huelga-de-hambre-en-la-upp\/","title":{"rendered":"Piden no criminalizar ni revictimizar en el caso de la Huelga de Hambre en la UPP"},"content":{"rendered":"<p>EN LA CDHEH<br \/>*Mediante un comunicado, la CDHEH precis\u00f3 que la intervenci\u00f3n de Cruz Roja fue de forma neutral y neg\u00f3 ser un instrumento de presi\u00f3n en la resoluci\u00f3n del conflicto <\/p>\n<p>  <!--more-->  <\/p>\n<p>Ayer la Comisi\u00f3n de Derechos Humanos del Estado de Hidalgo (CDHEH), que preside Alejandro Habib Nicol\u00e1s emiti\u00f3 un comunicado mediante el cual hac\u00eda algunas precisiones referentes al conflicto que prevalece entre el rector de la Universidad Polit\u00e9cnica de Pachuca (UPP) y la huelga de hambre que inici\u00f3 el profesor, Manuel Fernando Moreno Vera, entre las que destac\u00f3 la negativa de ser considerada como un instrumento de presi\u00f3n\u201d, en la resoluci\u00f3n del conflicto.<\/p>\n<p>\u201cLa \u00a0Comisi\u00f3n de Derechos Humanos del Estado de Hidalgo niega categ\u00f3ricamente ser instrumento de presi\u00f3n, en ning\u00fan momento es pol\u00edtica de este \u00d3rgano Aut\u00f3nomo \u00a0intervenir o presionar a quejosos o autoridades en ning\u00fan sentido, lo anterior en raz\u00f3n de diversas manifestaciones que se han hecho p\u00fablicas al respecto\u201d se\u00f1al\u00f3, luego de que la comisi\u00f3n fuera acusada en conjunto con la fuerza p\u00fablica y la Secretar\u00eda de Educaci\u00f3n P\u00fablica de Hidalgo (SEPH) de intentar hacer que el maestro desistiera de su derecho a \u00a0manifestarse.<\/p>\n<p>De igual forma y referente a la intervenci\u00f3n de la ambulancia de la Cruz Roja, el comunicado destaca lo siguiente, \u00a0\u201cla vocaci\u00f3n de servicio de las y los visitadores en el caso que nos ocupa es el de preservar la salud\u00a0 y conservar la vida \u00a0del profesor, raz\u00f3n por la cual intervino la Cruz Roja Mexicana, Delegaci\u00f3n Hidalgo, instituci\u00f3n mundialmente reconocida por su car\u00e1cter humanitario y de probada \u00a0neutralidad, con el \u00fanico objetivo de preservar el bien jur\u00eddico tutelado que constituye el derecho humano de m\u00e1s alta jerarqu\u00eda, la vida, aunado al derecho a recibir una atenci\u00f3n m\u00e9dica adecuada\u201d.<\/p>\n<p>Cabe destacar que la Academia Hidalguense de Educaci\u00f3n y Derechos Humanos (Acaderh) tambi\u00e9n hizo se\u00f1alamientos en d\u00f3nde acus\u00f3 la violaci\u00f3n a los derechos humanos del profesor, y solicit\u00f3 al gobierno estatal, intervenga para sancionar a las instituciones involucradas en el presunto intento de sabotear la libre manifestaci\u00f3n de Moreno Vera.<\/p>\n<p>Finalmente, la CDHEH expuso que reitera el llamado a la ciudadan\u00eda para \u201cevitar criminalizar y revictimizar\u201d a las personas que se encuentran en alguna situaci\u00f3n de vulnerabilidad, adem\u00e1s de que dijo, \u201dla Visitadur\u00eda General cuenta al d\u00eda de hoy con diversas evidencias, las cuales ser\u00e1n desahogadas en su oportunidad y llevar\u00e1n a la resoluci\u00f3n de esta queja, sin intervenir en otros procesos legales de \u00edndole laboral o administrativa que pudieran derivar de los hechos\u201d.<\/p>\n","protected":false},"excerpt":{"rendered":"<p>EN LA CDHEH*Mediante un comunicado, la CDHEH precis\u00f3 que la intervenci\u00f3n de Cruz Roja fue de forma neutral y neg\u00f3 ser un instrumento de presi\u00f3n en la resoluci\u00f3n del conflicto<\/p>\n","protected":false},"author":93,"featured_media":0,"comment_status":"open","ping_status":"open","sticky":false,"template":"","format":"standard","meta":{"footnotes":""},"categories":[59],"tags":[],"class_list":["post-78398","post","type-post","status-publish","format-standard","hentry","category-general"],"_links":{"self":[{"href":"https:\/\/plazajuarez.mx\/historico\/wp-json\/wp\/v2\/posts\/78398","targetHints":{"allow":["GET"]}}],"collection":[{"href":"https:\/\/plazajuarez.mx\/historico\/wp-json\/wp\/v2\/posts"}],"about":[{"href":"https:\/\/plazajuarez.mx\/historico\/wp-json\/wp\/v2\/types\/post"}],"author":[{"embeddable":true,"href":"https:\/\/plazajuarez.mx\/historico\/wp-json\/wp\/v2\/users\/93"}],"replies":[{"embeddable":true,"href":"https:\/\/plazajuarez.mx\/historico\/wp-json\/wp\/v2\/comments?post=78398"}],"version-history":[{"count":0,"href":"https:\/\/plazajuarez.mx\/historico\/wp-json\/wp\/v2\/posts\/78398\/revisions"}],"wp:attachment":[{"href":"https:\/\/plazajuarez.mx\/historico\/wp-json\/wp\/v2\/media?parent=78398"}],"wp:term":[{"taxonomy":"category","embeddable":true,"href":"https:\/\/plazajuarez.mx\/historico\/wp-json\/wp\/v2\/categories?post=78398"},{"taxonomy":"post_tag","embeddable":true,"href":"https:\/\/plazajuarez.mx\/historico\/wp-json\/wp\/v2\/tags?post=78398"}],"curies":[{"name":"wp","href":"https:\/\/api.w.org\/{rel}","templated":true}]}}