{"id":78176,"date":"2019-01-31T12:39:16","date_gmt":"2019-01-31T12:39:16","guid":{"rendered":"http:\/\/plazajuarez.mx\/index\/index.php\/2019\/01\/31\/error-subestimar-a-amlo-a-mexico-mas\/"},"modified":"2019-01-31T12:39:16","modified_gmt":"2019-01-31T12:39:16","slug":"error-subestimar-a-amlo-a-mexico-mas","status":"publish","type":"post","link":"https:\/\/plazajuarez.mx\/historico\/error-subestimar-a-amlo-a-mexico-mas\/","title":{"rendered":"Error subestimar a AMLO, a M\u00e9xico m\u00e1s"},"content":{"rendered":"<p>\u00bfQU\u00c9 M\u00c1S?<br \/>\u00a0\u00a0\u00a0 \u2022\u00a0\u00a0 \u00a0Cabe preguntarse si AMLO ser\u00e1 capaz de modificar el estilo de gobernar en aras de una mayor eficiencia o si la premisa de una estrategia sustentada en su liderazgo moral puede terminar rindiendo frutos\u2028<\/p>\n<p>  <!--more-->  <\/p>\n<p>La vor\u00e1gine abrumadora de anuncios, iniciativas, nombramientos, reacciones y planes de gobierno a partir del 1 de julio podr\u00eda llevar a concluir que el modelo de gobierno de Andr\u00e9s Manuel L\u00f3pez Obrador no es viable y acabar\u00e1 estrell\u00e1ndose. No s\u00f3lo por el agotamiento para los involucrados, sino porque la centralizaci\u00f3n absoluta en la toma de decisiones lleva a cuellos de botella y a planteamientos poco razonados y ausencia de deliberaci\u00f3n sobre asuntos de enorme complejidad. Adem\u00e1s, la poca discusi\u00f3n y el claro sesgo ideol\u00f3gico descartan opciones de pol\u00edtica p\u00fablica viables, alternativas a la querencia natural del gobierno.<br \/>Cabe preguntarse si AMLO ser\u00e1 capaz de modificar el estilo de gobernar en aras de una mayor eficiencia o si la premisa de una estrategia sustentada en su liderazgo moral puede terminar rindiendo frutos en el cambio cultural que persigue contra la corrupci\u00f3n. Esta estrategia supone que, siempre s\u00ed, la corrupci\u00f3n tiene un elemento cultural central y que es necesario convencer a la sociedad de que \u00e9sta no es s\u00f3lo una alternancia de partido en el poder, sino un cambio de r\u00e9gimen, radical y profundo. La dificultad estriba en que, para que funcione, se requiere un nivel m\u00ednimo de eficacia para que el costo econ\u00f3mico no lo abrume.<br \/>Este voluntarismo surge de la poderosa intuici\u00f3n de L\u00f3pez Obrador sobre la psicolog\u00eda del ciudadano y la manera de influirla. Por esta raz\u00f3n, y en vista del \u00e9xito de su campa\u00f1a electoral y la medi\u00e1tica que por a\u00f1os convenci\u00f3 a la mayor\u00eda de que el pa\u00eds estaba peor y la culpa la ten\u00eda el Estado (ahora en el poder, la tiene el neoliberalismo) ser\u00eda un error subestimarlo. Apuntalado por un apoyo mayoritario, parece convencido de que acabar\u00e1 doblegando a huachicoleros, maestros disidentes que obstaculizan v\u00edas f\u00e9rreas, neoliberales irredentos y &#8220;conservadores&#8221; opuestos a su cambio.<br \/>Pero el error m\u00e1s grave reside en subestimar a M\u00e9xico y su complejidad en pleno siglo XXI. El riesgo del gobierno consiste en el regreso a la presidencia imperial que todo lo sabe, todo lo decide y cree tener facultades legales y meta legales para todo; al pri\u00edsmo tradicional pues.<br \/>El gobierno subestima la posici\u00f3n de M\u00e9xico y su econom\u00eda. No aquilata su importancia global a la cual presta poca atenci\u00f3n. Parece tampoco entender el tama\u00f1o y complejidad de la econom\u00eda nacional como lo muestran su evaluaci\u00f3n de que el campo est\u00e1 abandonado y produce menos que antes de la apertura \u2014cuando la realidad es que la producci\u00f3n agroalimentaria nunca hab\u00eda sido tan diversa y exitosa en mercados internacionales; cuando no aprecia la sofisticaci\u00f3n para la producci\u00f3n y exportaci\u00f3n de manufacturas y permite la interrupci\u00f3n de entregas a tiempo; cuando critica el uso de fondos p\u00fablicos para acercar a centros de investigaci\u00f3n y universidades a procesos productivos; cuando piensa que s\u00f3lo unas empresas cuentan en la inversi\u00f3n, crecimiento y creaci\u00f3n de empleos; cuando cree que el centralismo en la Ciudad de M\u00e9xico y Palacio Nacional es la mejor palanca para el progreso.<br \/>El gobierno parece subestimar y desechar el progreso conseguido como parte de un rechazo irreflexivo a todo lo que provenga del periodo de gobiernos &#8220;neoliberales&#8221;. El problema es que estas soluciones dan al traste con avances en derechos y libertades para amplios segmentos de la sociedad y para actores econ\u00f3micos de todo tipo y cercenan instituciones creadas para pavimentar el tr\u00e1nsito de una econom\u00eda de privilegios a una de derechos y libertades ciudadanas y para garantizarlas.<br \/>En el fondo, pretender que se tienen las recetas adecuadas para cada problema traiciona un acendrado presidencialismo y centralizaci\u00f3n experimentados antes y que, con el tiempo, no rinden frutos.<br \/>Sin embargo, la raz\u00f3n para ser optimista consiste en reconocer que el futuro del pa\u00eds no depende de una persona y que el trabajo de cada uno es clave para mejorar; que al pa\u00eds le ir\u00e1 bien cuando le vaya bien a cada trabajador, emprendedor, colonia, grupo, regi\u00f3n y no cuando le vaya bien a M\u00e9xico.<br \/>Twitter: @eledece <\/p>\n","protected":false},"excerpt":{"rendered":"<p>\u00bfQU\u00c9 M\u00c1S?\u00a0\u00a0\u00a0 \u2022\u00a0\u00a0 \u00a0Cabe preguntarse si AMLO ser\u00e1 capaz de modificar el estilo de gobernar en aras de una mayor eficiencia o si la premisa de una estrategia sustentada en su liderazgo moral puede terminar rindiendo frutos\u2028<\/p>\n","protected":false},"author":93,"featured_media":0,"comment_status":"open","ping_status":"open","sticky":false,"template":"","format":"standard","meta":{"footnotes":""},"categories":[42],"tags":[],"class_list":["post-78176","post","type-post","status-publish","format-standard","hentry","category-nuestrapalabra"],"_links":{"self":[{"href":"https:\/\/plazajuarez.mx\/historico\/wp-json\/wp\/v2\/posts\/78176","targetHints":{"allow":["GET"]}}],"collection":[{"href":"https:\/\/plazajuarez.mx\/historico\/wp-json\/wp\/v2\/posts"}],"about":[{"href":"https:\/\/plazajuarez.mx\/historico\/wp-json\/wp\/v2\/types\/post"}],"author":[{"embeddable":true,"href":"https:\/\/plazajuarez.mx\/historico\/wp-json\/wp\/v2\/users\/93"}],"replies":[{"embeddable":true,"href":"https:\/\/plazajuarez.mx\/historico\/wp-json\/wp\/v2\/comments?post=78176"}],"version-history":[{"count":0,"href":"https:\/\/plazajuarez.mx\/historico\/wp-json\/wp\/v2\/posts\/78176\/revisions"}],"wp:attachment":[{"href":"https:\/\/plazajuarez.mx\/historico\/wp-json\/wp\/v2\/media?parent=78176"}],"wp:term":[{"taxonomy":"category","embeddable":true,"href":"https:\/\/plazajuarez.mx\/historico\/wp-json\/wp\/v2\/categories?post=78176"},{"taxonomy":"post_tag","embeddable":true,"href":"https:\/\/plazajuarez.mx\/historico\/wp-json\/wp\/v2\/tags?post=78176"}],"curies":[{"name":"wp","href":"https:\/\/api.w.org\/{rel}","templated":true}]}}