{"id":78175,"date":"2019-01-31T12:39:08","date_gmt":"2019-01-31T12:39:08","guid":{"rendered":"http:\/\/plazajuarez.mx\/index\/index.php\/2019\/01\/31\/por-favor-sea-breve\/"},"modified":"2019-01-31T12:39:08","modified_gmt":"2019-01-31T12:39:08","slug":"por-favor-sea-breve","status":"publish","type":"post","link":"https:\/\/plazajuarez.mx\/historico\/por-favor-sea-breve\/","title":{"rendered":"Por favor, sea breve"},"content":{"rendered":"<p>Submarino Pol\u00edtico<\/p>\n<p>\u00a0\u00a0 \u00a0\u2022\u00a0\u00a0 \u00a0La sociedad mexicana necesita un Presidente que una a la poblaci\u00f3n, no hay liderazgo que se mantenga con un enfoque binario entre &#8220;malos&#8221; y &#8220;buenos&#8221;\u2028<\/p>\n<p>  <!--more-->  <\/p>\n<p>Ya no tanto por los compa\u00f1eros de la fuente, que todos los d\u00edas se levantan de madrugada para atender las conferencias de prensa del ciudadano Presidente, \u2014&#8221;uno, como sea&#8221;, murmuran\u2014, tampoco por los eventuales retrasos respecto al inicio de la hora convocada; lo que est\u00e1 desgastando a todos, incluyendo a L\u00f3pez Obrador, es la duraci\u00f3n, m\u00e1s de una hora en promedio, con tono de homil\u00eda. Por eso, la liturgia clerical se reserva para los domingos. <br \/>Despu\u00e9s vienen las ocurrencias en Palacio Nacional, no porque se le hayan ocurrido al despertar, el Presidente lleva 20 a\u00f1os mascullando sus designios en la plaza p\u00fablica; por ejemplo, el ultim\u00e1tum a su gabinete para que presente su declaraci\u00f3n patrimonial y que la haga p\u00fablica. \u00bfQui\u00e9n podr\u00eda estar en contra de ello? B\u00e1sicamente nadie. <br \/>Pero (y aqu\u00ed es donde llega el oportuno invitado), la ley contempla que los empleados del gobierno federal, los secretarios, hagan p\u00fablico o no su patrimonio.<br \/>Entonces, hay que hacer las reformas legales para sustentar la acci\u00f3n porque todo mundo sabe que el verdadero legado de Benito Ju\u00e1rez fue el marco jur\u00eddico como la gran estructura del Estado mexicano.<br \/>La discusi\u00f3n entre liberales y conservadores en la que insisten las l\u00edneas del discurso presidencial son tan rancias, como el pleito personal entre L\u00f3pez Obrador y Vicente Fox. \u00a1Ya chole!, por decirlo en t\u00e9rminos de Palacio Nacional.<br \/>La sociedad mexicana necesita un Presidente que una a la poblaci\u00f3n, no hay liderazgo que se mantenga con un enfoque binario entre &#8220;malos&#8221; y &#8220;buenos&#8221;.<br \/>Ya vimos que eso no pasa en el mundo real, s\u00f3lo en los rom\u00e1nticos libros de historia del siglo XIX.<br \/>Periscopio. A prop\u00f3sito del Festival Letras en Tepic que tendr\u00e1 lugar este fin de semana en la tierra que vio nacer a Amado Nervo, el amigo Alejandro Garrido, cronista de la Ciudad de M\u00e9xico, comenta que la colonia Santa Mar\u00eda la Ribera es una de las pocas que rinde homenaje a sus distinguidos habitantes, donde efectivamente encontramos las calles en honor a personajes como el pintor Dr. Atl, Mariano Azuela y el evocado Nervo, que habit\u00f3 en la Santa Mar\u00eda antes de partir a Montevideo, donde fue embajador de M\u00e9xico en Uruguay. <br \/>Radar de lo absurdo. Ya sali\u00f3 el peine. El aguerrido reportero militante Jenaro Villamil es la propuesta del presidente L\u00f3pez Obrador para ocupar la direcci\u00f3n del Sistema P\u00fablico de Radiodifusi\u00f3n (SPR). El reportero yucateco se tard\u00f3 casi 20 a\u00f1os en &#8220;agarrar hueso&#8221;, luego de que fuera el estratega de comunicaci\u00f3n pol\u00edtica de la entonces secretaria de Gobierno del DF, Rosario Robles, entre 1997 y hasta 2003.<br \/>La sugerencia del fichaje de Villamil al gobierno de la capital fue una propuesta personal\u00edsima del finado Carlos Monsiv\u00e1is a su amiga, a la que nunca neg\u00f3, Rosario.<br \/>M\u00e1s all\u00e1 de lealtades y traiciones, debe debatirse si hay \u00e9tica cuando el periodismo se utiliza como un premeditado trampol\u00edn hacia el servicio p\u00fablico. <br \/>Quedar\u00e1 en la conciencia del Senado su ratificaci\u00f3n. Las audiencias p\u00fablicas tienen derecho a saber con qu\u00e9 clase de &#8220;mercachifles&#8221; est\u00e1n tratando.<br \/>Twitter: @LeoAgusto<\/p>\n","protected":false},"excerpt":{"rendered":"<p>Submarino Pol\u00edtico \u00a0\u00a0 \u00a0\u2022\u00a0\u00a0 \u00a0La sociedad mexicana necesita un Presidente que una a la poblaci\u00f3n, no hay liderazgo que se mantenga con un enfoque binario entre &#8220;malos&#8221; y &#8220;buenos&#8221;\u2028<\/p>\n","protected":false},"author":93,"featured_media":0,"comment_status":"open","ping_status":"open","sticky":false,"template":"","format":"standard","meta":{"footnotes":""},"categories":[42],"tags":[],"class_list":["post-78175","post","type-post","status-publish","format-standard","hentry","category-nuestrapalabra"],"_links":{"self":[{"href":"https:\/\/plazajuarez.mx\/historico\/wp-json\/wp\/v2\/posts\/78175","targetHints":{"allow":["GET"]}}],"collection":[{"href":"https:\/\/plazajuarez.mx\/historico\/wp-json\/wp\/v2\/posts"}],"about":[{"href":"https:\/\/plazajuarez.mx\/historico\/wp-json\/wp\/v2\/types\/post"}],"author":[{"embeddable":true,"href":"https:\/\/plazajuarez.mx\/historico\/wp-json\/wp\/v2\/users\/93"}],"replies":[{"embeddable":true,"href":"https:\/\/plazajuarez.mx\/historico\/wp-json\/wp\/v2\/comments?post=78175"}],"version-history":[{"count":0,"href":"https:\/\/plazajuarez.mx\/historico\/wp-json\/wp\/v2\/posts\/78175\/revisions"}],"wp:attachment":[{"href":"https:\/\/plazajuarez.mx\/historico\/wp-json\/wp\/v2\/media?parent=78175"}],"wp:term":[{"taxonomy":"category","embeddable":true,"href":"https:\/\/plazajuarez.mx\/historico\/wp-json\/wp\/v2\/categories?post=78175"},{"taxonomy":"post_tag","embeddable":true,"href":"https:\/\/plazajuarez.mx\/historico\/wp-json\/wp\/v2\/tags?post=78175"}],"curies":[{"name":"wp","href":"https:\/\/api.w.org\/{rel}","templated":true}]}}