{"id":78174,"date":"2019-01-31T12:38:50","date_gmt":"2019-01-31T12:38:50","guid":{"rendered":"http:\/\/plazajuarez.mx\/index\/index.php\/2019\/01\/31\/nueva-relacion-entre-poderes\/"},"modified":"2019-01-31T12:38:50","modified_gmt":"2019-01-31T12:38:50","slug":"nueva-relacion-entre-poderes","status":"publish","type":"post","link":"https:\/\/plazajuarez.mx\/historico\/nueva-relacion-entre-poderes\/","title":{"rendered":"Nueva relaci\u00f3n entre poderes"},"content":{"rendered":"<p>OPINI\u00d3N\u2028<\/p>\n<p>\u00a0\u00a0 \u00a0\u2022\u00a0\u00a0 \u00a0Tantos frentes abiertos en tan poco tiempo, hace indispensable un gran acuerdo que involucre tambi\u00e9n a otras fuerzas pol\u00edticas distintas a las que apoyaron al presidente L\u00f3pez Obrador, y que no est\u00e1n siendo tomadas en cuenta\u2028<\/p>\n<p>  <!--more-->  <\/p>\n<p>Este jueves se van a cumplir dos meses de la llegada de la nueva administraci\u00f3n que encabeza Andr\u00e9s Manuel L\u00f3pez Obrador y llama mucho la atenci\u00f3n el que, en un lapso tan corto de tiempo, nuestro pa\u00eds est\u00e9 inmerso en un gran n\u00famero de crisis. <br \/>La estrategia que implement\u00f3 el gobierno para enfrentar el problema del robo de combustible \u2014todos reconocemos la imperiosa necesidad de hacerlo\u2014 que hab\u00eda llegado a l\u00edmites intolerables, ha tra\u00eddo consigo un gran n\u00famero de problemas y hechos muy lamentables, como la explosi\u00f3n en un ducto de Pemex, en el que se hab\u00eda provocado una fuga de combustible, que motiv\u00f3 una dolorosa tragedia en la que perdieron la vida m\u00e1s de 100 habitantes de Tlahuelilpan, y el problema del desabasto de gasolina en varias regiones del pa\u00eds, que ha provocado muchas molestias y un enorme da\u00f1o a nuestra econom\u00eda. <\/p>\n<p>A esto se ha sumado el bloqueo a las v\u00edas del ferrocarril en el estado de Michoac\u00e1n por parte de maestros de la Coordinadora Nacional de Trabajadores de la Educaci\u00f3n (CNTE), que ya lleva m\u00e1s de dos semanas y que tiene varados un gran n\u00famero de vagones que transportan alimentos y mercanc\u00edas, que son insumos indispensables para la planta productiva nacional, provocando tambi\u00e9n cuantiosos da\u00f1os a nuestra econom\u00eda; por cierto, maestros de la CNTE ya tambi\u00e9n han iniciado movilizaciones en el Estado de Oaxaca. <\/p>\n<p>Tambi\u00e9n es preocupante el estallamiento de huelga en la industria maquiladora en Matamoros, que tiene parados a miles de trabajadores que exigen un incremento en su salario. A todo esto hay que sumarle el tema de los trabajadores centroamericanos que pretenden ingresar a los Estados Unidos transitando por nuestro pa\u00eds, y la muy poco convincente posici\u00f3n de nuestro gobierno en el tema de Venezuela, que nos est\u00e1 provocando un preocupante aislamiento en el concierto de los pa\u00edses democr\u00e1ticos.<\/p>\n<p>Tantos frentes abiertos en tan poco tiempo, hace indispensable un gran acuerdo que involucre tambi\u00e9n a otras fuerzas pol\u00edticas distintas a las que apoyaron al presidente L\u00f3pez Obrador, y que no est\u00e1n siendo tomadas en cuenta. Es cierto, el gobierno actual tiene un enorme apoyo ciudadano: m\u00e1s de 30 millones de votos que se ven reflejados en los niveles de aprobaci\u00f3n del presidente en todas las encuestas que se han dado a conocer recientemente. Aun as\u00ed, no creo que sea conveniente para M\u00e9xico reeditar la \u00e9poca de partido hegem\u00f3nico. Ser\u00eda deseable que las decisiones legislativas y de gobierno sean producto de la concurrencia de m\u00e1s de una voluntad. <\/p>\n<p>Es imperativo que los actores pol\u00edticos compartan un c\u00f3digo cultural que toda democracia necesariamente presupone. Un c\u00f3digo cultural que encuentra sus valores articuladores en el di\u00e1logo, en la apertura a la cr\u00edtica, en la tolerancia frente a las preferencias ajenas y, de modo muy especial, en la responsabilidad por el destino com\u00fan. <\/p>\n<p>Los actores pol\u00edticos deben entender que la solidez de las democracias se mide no s\u00f3lo por la calidad de su gobierno, sino tambi\u00e9n por el compromiso de la oposici\u00f3n. El avasallamiento de la oposici\u00f3n es tan malo como la no cooperaci\u00f3n por parte de \u00e9sta. Lo realmente importante y trascendente est\u00e1 en la responsabilidad por el destino com\u00fan, y lo que est\u00e1 en juego es nada m\u00e1s y nada menos que el bienestar de millones de mexicanos.<\/p>\n<p>Considero que las circunstancias que estamos viviendo obligan al consenso multipartidario, obligan a negociar, a renunciar, a imponer las posiciones propias s\u00f3lo por el hecho de que se tiene la mayor\u00eda. Las democracias producen resultados cuando sus actores dialogan y asumen responsabilidades. La oposici\u00f3n o las distintas oposiciones requieren de ser tomadas en cuenta si se quiere que sean oposiciones constructivas, y los ciudadanos tenemos legitimidad para demandar responsabilidad frente al futuro de nuestro pa\u00eds. <br \/>@jglezmorfin<\/p>\n","protected":false},"excerpt":{"rendered":"<p>OPINI\u00d3N\u2028 \u00a0\u00a0 \u00a0\u2022\u00a0\u00a0 \u00a0Tantos frentes abiertos en tan poco tiempo, hace indispensable un gran acuerdo que involucre tambi\u00e9n a otras fuerzas pol\u00edticas distintas a las que apoyaron al presidente L\u00f3pez Obrador, y que no est\u00e1n siendo tomadas en cuenta\u2028<\/p>\n","protected":false},"author":93,"featured_media":0,"comment_status":"open","ping_status":"open","sticky":false,"template":"","format":"standard","meta":{"footnotes":""},"categories":[42],"tags":[],"class_list":["post-78174","post","type-post","status-publish","format-standard","hentry","category-nuestrapalabra"],"_links":{"self":[{"href":"https:\/\/plazajuarez.mx\/historico\/wp-json\/wp\/v2\/posts\/78174","targetHints":{"allow":["GET"]}}],"collection":[{"href":"https:\/\/plazajuarez.mx\/historico\/wp-json\/wp\/v2\/posts"}],"about":[{"href":"https:\/\/plazajuarez.mx\/historico\/wp-json\/wp\/v2\/types\/post"}],"author":[{"embeddable":true,"href":"https:\/\/plazajuarez.mx\/historico\/wp-json\/wp\/v2\/users\/93"}],"replies":[{"embeddable":true,"href":"https:\/\/plazajuarez.mx\/historico\/wp-json\/wp\/v2\/comments?post=78174"}],"version-history":[{"count":0,"href":"https:\/\/plazajuarez.mx\/historico\/wp-json\/wp\/v2\/posts\/78174\/revisions"}],"wp:attachment":[{"href":"https:\/\/plazajuarez.mx\/historico\/wp-json\/wp\/v2\/media?parent=78174"}],"wp:term":[{"taxonomy":"category","embeddable":true,"href":"https:\/\/plazajuarez.mx\/historico\/wp-json\/wp\/v2\/categories?post=78174"},{"taxonomy":"post_tag","embeddable":true,"href":"https:\/\/plazajuarez.mx\/historico\/wp-json\/wp\/v2\/tags?post=78174"}],"curies":[{"name":"wp","href":"https:\/\/api.w.org\/{rel}","templated":true}]}}