{"id":78057,"date":"2019-01-29T12:26:04","date_gmt":"2019-01-29T12:26:04","guid":{"rendered":"http:\/\/plazajuarez.mx\/index\/index.php\/2019\/01\/29\/asciende-a-115-la-cifra-de-las-personas-fallecidas-en-explosion\/"},"modified":"2019-01-29T12:26:04","modified_gmt":"2019-01-29T12:26:04","slug":"asciende-a-115-la-cifra-de-las-personas-fallecidas-en-explosion","status":"publish","type":"post","link":"https:\/\/plazajuarez.mx\/historico\/asciende-a-115-la-cifra-de-las-personas-fallecidas-en-explosion\/","title":{"rendered":"ASCIENDE A 115 LA CIFRA DE LAS PERSONAS FALLECIDAS EN EXPLOSI\u00d3N"},"content":{"rendered":"<p>EN TLAHUELILPAN<\/p>\n<p>  <!--more-->  <\/p>\n<p>En Tlahuelilpan da atenci\u00f3n el Procurador del Estado, Ra\u00fal Arroyo y se toman muestras de ADN para la posible localizaci\u00f3n de los desaparecidos <br \/>Durante los informes que se dieron la ma\u00f1ana de ayer en la Ciudad de M\u00e9xico, la Secretar\u00eda de Salud (SSA) inform\u00f3 que ascendi\u00f3 a 115 el n\u00famero de personas las fallecidas por la explosi\u00f3n en una toma clandestina que tuvo lugar en la localidad de San Primitivo del municipio de Tlahuelilpan, Hidalgo.<br \/>En Palacio Nacional, ante el Presidente, Andr\u00e9s Manuel L\u00f3pez Obrador, el titular de la SSA, Jorge Alcocer, inform\u00f3 que adem\u00e1s 32 personas se mantienen hospitalizadas.<br \/>El funcionario federal dijo que la mitad de las personas hospitalizadas mantiene una situaci\u00f3n de salud delicada, pero ser\u00e1 en las pr\u00f3ximas horas cuando se conozca la evoluci\u00f3n de su estado.<br \/>EL PROCURADOR DE HIDALGO ATIENDE A AFECTADOS EN TLAHUELILPAN<br \/>As\u00ed mismo se detall\u00f3 que en el municipio de Tlahuelilpan contin\u00faa dando atenci\u00f3n el Procurador del Estado, Ra\u00fal Arroyo, adem\u00e1s de que se contin\u00faan tomando muestras de ADN para la posible localizaci\u00f3n de los desaparecidos dentro de los indicios hallados.<br \/>&#8220;CONDUCTA &#8216;FESTIVA&#8217; DE POBLADORES FUE POR INTOXICACI\u00d3N CON GASOLINA&#8221;<br \/>El investigador y qu\u00edmico, Francisco Pati\u00f1o Cardona, consider\u00f3 que el comportamiento &#8220;festivo&#8221;, que registraron los pobladores del municipio de Tlahuelilpan, Hidalgo, durante la fuga de combustible que se present\u00f3 el pasado 18 de enero en un ducto de Pemex, se debi\u00f3 a la intoxicaci\u00f3n que sufrieron por los componentes del combustible.<br \/>Precis\u00f3 que la toma clandestina que explot\u00f3 esa tarde, conten\u00eda gasolina Premium, que tiene un octanaje de 92 y el compuesto de este hidrocarburo es de carb\u00f3n e hidr\u00f3geno lo que al liberar las part\u00edculas ocasion\u00f3 que \u00e9stas no s\u00f3lo bajaran a ras de suelo al ser m\u00e1s pesadas que el ox\u00edgeno, sino tambi\u00e9n que intoxicaran a las personas que se encontraban en el lugar.<br \/>Previo a la explosi\u00f3n en la comunidad de San Primitivo, se report\u00f3 que en el lugar muchos de los asistentes presentaban s\u00edntomas de desmayo y v\u00f3mito, adem\u00e1s de que algunos re\u00edan y se arrojaban gasolina como si fuera agua, este comportamiento fue se\u00f1alado como normal, sin embargo, se debi\u00f3 a la afectaci\u00f3n por el olor, destac\u00f3 el investigador.<br \/>Al respecto Pati\u00f1o Cardona, quien forma parte del Conacyt, se\u00f1al\u00f3 que de manera qu\u00edmica se origina una reacci\u00f3n de intoxicaci\u00f3n, ya que el vapor afecta el sistema pulmonar y nervioso, hubo una alteraci\u00f3n, indic\u00f3.<br \/>&#8220;La reacci\u00f3n qu\u00edmica es muy sencilla, la gasolina es un hidrocarburo compuesto de carb\u00f3n e hidr\u00f3geno que cuando entra en contacto con el ox\u00edgeno y se le pone calor, se convierte en di\u00f3xido de carbono&#8221;.<br \/>Por ello consider\u00f3 que la gente no sali\u00f3 del lugar en el momento de mayor peligro.<br \/>De igual manera para Francisco Pati\u00f1o la causa de que se originara esta explosi\u00f3n, no se debi\u00f3 a una chispa por el roce de la ropa, ya que consider\u00f3, que para que se diera la combusti\u00f3n tuvo que ser necesariamente una flama como la de un cerillo o encendedor.<br \/>Ante ello dijo es necesario aclarar qu\u00e9 ocurri\u00f3 en ese lugar, debido a que las responsabilidades deben deslindarse, ya que se sabe, hubo invitaci\u00f3n a tomar el combustible gratis, se perfor\u00f3 el ducto, y hubo omisi\u00f3n de cuerpos de seguridad y del ej\u00e9rcito, consider\u00f3.<br \/>LOCALIZAN TOMA CLANDESTINA EN TECOMATL\u00c1N<br \/>Una toma clandestina fue localizada en el lugar conocido como la v\u00edbora en Tecomatl\u00e1n, misma que por fortuna no present\u00f3 fuga, por lo que el sitio fue resguardado y entregado al personal de Seguridad de Pemex, que acudi\u00f3 a sellar el ducto.<br \/>ASEGURAN CAMIONETA ABANDONADA CON HIDROCARBURO<br \/>La actividad de los orde\u00f1adores de hidrocarburo no cesa en la regi\u00f3n de Tula, luego de que en el municipio de Tlahuelilpan, elementos de la Agencia de Seguridad del estado de Hidalgo localizaron y aseguraron una camioneta pickup abandonada con bidones con hidrocarburo en la avenida Sergio Butr\u00f3n Casas a la altura de la Preparatoria Sor Juana, misma que fue puesta a disposici\u00f3n de la autoridad federal.<br \/>LOCALIZAN FUGA EN TOMA CLANDESTINA EN EMILIANO ZAPATA<br \/>En otro hecho tambi\u00e9n se report\u00f3 una fuga de hidrocarburo en una toma clandestina que se abri\u00f3 de manera clandestina en un ducto de Pemex, en el lugar conocido como &#8221; Palo Seco&#8221; del \u00a0municipio de Emiliano Zapata, equipos de emergencia acudieron a atender la contingencia en el lugar.<br \/>SE INCENDIA CAMIONETA MIENTRAS ORDE\u00d1ABAN DUCTO DE PEMEX EN MINERAL DE LA REFORMA<br \/>Finalmente la madrugada de ayer se incendi\u00f3 una camioneta que transportaba contenedores con combustible que sustrajeron de manera ilegal de uno de los ductos de Petr\u00f3leos Mexicanos, en el municipio de Mineral de la Reforma.<\/p>\n","protected":false},"excerpt":{"rendered":"<p>EN TLAHUELILPAN<\/p>\n","protected":false},"author":93,"featured_media":0,"comment_status":"open","ping_status":"open","sticky":false,"template":"","format":"standard","meta":{"footnotes":""},"categories":[37],"tags":[],"class_list":["post-78057","post","type-post","status-publish","format-standard","hentry","category-barandilla"],"_links":{"self":[{"href":"https:\/\/plazajuarez.mx\/historico\/wp-json\/wp\/v2\/posts\/78057","targetHints":{"allow":["GET"]}}],"collection":[{"href":"https:\/\/plazajuarez.mx\/historico\/wp-json\/wp\/v2\/posts"}],"about":[{"href":"https:\/\/plazajuarez.mx\/historico\/wp-json\/wp\/v2\/types\/post"}],"author":[{"embeddable":true,"href":"https:\/\/plazajuarez.mx\/historico\/wp-json\/wp\/v2\/users\/93"}],"replies":[{"embeddable":true,"href":"https:\/\/plazajuarez.mx\/historico\/wp-json\/wp\/v2\/comments?post=78057"}],"version-history":[{"count":0,"href":"https:\/\/plazajuarez.mx\/historico\/wp-json\/wp\/v2\/posts\/78057\/revisions"}],"wp:attachment":[{"href":"https:\/\/plazajuarez.mx\/historico\/wp-json\/wp\/v2\/media?parent=78057"}],"wp:term":[{"taxonomy":"category","embeddable":true,"href":"https:\/\/plazajuarez.mx\/historico\/wp-json\/wp\/v2\/categories?post=78057"},{"taxonomy":"post_tag","embeddable":true,"href":"https:\/\/plazajuarez.mx\/historico\/wp-json\/wp\/v2\/tags?post=78057"}],"curies":[{"name":"wp","href":"https:\/\/api.w.org\/{rel}","templated":true}]}}