{"id":78010,"date":"2019-01-28T05:13:29","date_gmt":"2019-01-28T05:13:29","guid":{"rendered":"http:\/\/plazajuarez.mx\/index\/index.php\/2019\/01\/28\/taibo-ii-presenta-estrategia-nacional-de-lectura-en-mocorito\/"},"modified":"2019-01-28T05:13:29","modified_gmt":"2019-01-28T05:13:29","slug":"taibo-ii-presenta-estrategia-nacional-de-lectura-en-mocorito","status":"publish","type":"post","link":"https:\/\/plazajuarez.mx\/historico\/taibo-ii-presenta-estrategia-nacional-de-lectura-en-mocorito\/","title":{"rendered":"Taibo II presenta estrategia Nacional de Lectura en Mocorito"},"content":{"rendered":"<p>\u00a0\u00a0\u00a0 \u2022\u00a0\u00a0 \u00a0Durante la presentaci\u00f3n de la Estrategia Nacional de Lectura, Eduardo Villegas, director de la Coordinaci\u00f3n Nacional de Memoria Hist\u00f3rica, fue el encargado de presentar los tres ejes de esta estrategia\u2028<\/p>\n<p>  <!--more-->  <\/p>\n<p>Impulsar la lectura desde tres ejes fundamentales: la interpretaci\u00f3n de los textos a trav\u00e9s de las bibliotecas; la circulaci\u00f3n de los libros a trav\u00e9s del Fondo de Cultura Econ\u00f3mica (FCE) y otras instancias como Alas y Ra\u00edces y las Misiones Culturales; y la promoci\u00f3n a trav\u00e9s del trabajo de la coordinaci\u00f3n de Comunicaci\u00f3n Social, regir\u00e1 la Estrategia Nacional de Lectura que este domingo lanz\u00f3 en Mocorito, Sinaloa, el presidente de M\u00e9xico, Andr\u00e9s Manuel L\u00f3pez Obrador.<br \/>Durante la presentaci\u00f3n de la Estrategia Nacional de Lectura, Eduardo Villegas, director de la Coordinaci\u00f3n Nacional de Memoria Hist\u00f3rica, fue el encargado de presentar los tres ejes de esta estrategia que dijo se basa en tres elementos: qui\u00e9n y c\u00f3mo lee, la disponibilidad de lo que puede leer y la promoci\u00f3n de los libros y para ello, se\u00f1al\u00f3, se requiere m\u00e1s que voluntad.<br \/>&#8220;Sabemos de la voluntad que tiene el presidente, pero la voluntad no basta. Hace falta sumar otras voluntades para que sea un M\u00e9xico donde no solo las bibliotecas est\u00e9n llenas, sino que tengamos un M\u00e9xico reflexivo hacia su pasado, su presente y su futuro&#8221;, coment\u00f3 Eduardo Villegas.<br \/>Este mediod\u00eda, el presidente L\u00f3pez Obrador dijo que est\u00e1n promoviendo la lectura para &#8220;fortalecer valores culturales, morales, espirituales. No solo de pan vive el hombre&#8221;. Dijo que se requiere lo material y lo espiritual. &#8220;Aqu\u00ed estamos para fortalecer valores&#8221;.<br \/>En el acto oficial donde estuvo presente el gobernador de Sinaloa, Quirino Ordaz Coppel, la esposa del presidente de M\u00e9xico, Beatriz Guti\u00e9rrez M\u00fcller se\u00f1al\u00f3 que Mocorito es considerada la Atenas de Sinaloa, poblaci\u00f3n desde donde el poeta Enrique Gonz\u00e1lez Mart\u00ednez edit\u00f3 la revista &#8220;Arte&#8221;, y por ello decidieron que fuera all\u00ed donde se lanzara esta estrategia de fomento a la lectura.<br \/>Paco Ignacio Taibo II, gerente editorial, encargado de despacho de la direcci\u00f3n general del Fondo de Cultura Econ\u00f3mica, dijo que en M\u00e9xico hay cientos de miles de lectores que no pueden leer un libro, por ello emprenden esta estrategia que desbaratar\u00e1 el precio de los libros; reiter\u00f3 que abaratar\u00e1n los precios y anunci\u00f3 que comienzan regalando un libro en Mocorito. &#8220;Las caballer\u00edas de la Revoluci\u00f3n. Rafael Buelna&#8221;, de Jos\u00e9 C Valad\u00e9s.<\/p>\n","protected":false},"excerpt":{"rendered":"<p>\u00a0\u00a0\u00a0 \u2022\u00a0\u00a0 \u00a0Durante la presentaci\u00f3n de la Estrategia Nacional de Lectura, Eduardo Villegas, director de la Coordinaci\u00f3n Nacional de Memoria Hist\u00f3rica, fue el encargado de presentar los tres ejes de esta estrategia\u2028<\/p>\n","protected":false},"author":93,"featured_media":0,"comment_status":"open","ping_status":"open","sticky":false,"template":"","format":"standard","meta":{"footnotes":""},"categories":[41],"tags":[],"class_list":["post-78010","post","type-post","status-publish","format-standard","hentry","category-arteria-cultural"],"_links":{"self":[{"href":"https:\/\/plazajuarez.mx\/historico\/wp-json\/wp\/v2\/posts\/78010","targetHints":{"allow":["GET"]}}],"collection":[{"href":"https:\/\/plazajuarez.mx\/historico\/wp-json\/wp\/v2\/posts"}],"about":[{"href":"https:\/\/plazajuarez.mx\/historico\/wp-json\/wp\/v2\/types\/post"}],"author":[{"embeddable":true,"href":"https:\/\/plazajuarez.mx\/historico\/wp-json\/wp\/v2\/users\/93"}],"replies":[{"embeddable":true,"href":"https:\/\/plazajuarez.mx\/historico\/wp-json\/wp\/v2\/comments?post=78010"}],"version-history":[{"count":0,"href":"https:\/\/plazajuarez.mx\/historico\/wp-json\/wp\/v2\/posts\/78010\/revisions"}],"wp:attachment":[{"href":"https:\/\/plazajuarez.mx\/historico\/wp-json\/wp\/v2\/media?parent=78010"}],"wp:term":[{"taxonomy":"category","embeddable":true,"href":"https:\/\/plazajuarez.mx\/historico\/wp-json\/wp\/v2\/categories?post=78010"},{"taxonomy":"post_tag","embeddable":true,"href":"https:\/\/plazajuarez.mx\/historico\/wp-json\/wp\/v2\/tags?post=78010"}],"curies":[{"name":"wp","href":"https:\/\/api.w.org\/{rel}","templated":true}]}}