{"id":78001,"date":"2019-01-28T05:11:04","date_gmt":"2019-01-28T05:11:04","guid":{"rendered":"http:\/\/plazajuarez.mx\/index\/index.php\/2019\/01\/28\/vinculado-a-proceso-por-robo-de-vehiculo\/"},"modified":"2019-01-28T05:11:04","modified_gmt":"2019-01-28T05:11:04","slug":"vinculado-a-proceso-por-robo-de-vehiculo","status":"publish","type":"post","link":"https:\/\/plazajuarez.mx\/historico\/vinculado-a-proceso-por-robo-de-vehiculo\/","title":{"rendered":"VINCULADO A PROCESO POR ROBO DE VEH\u00cdCULO"},"content":{"rendered":"<p>LE DICTAN PRISI\u00d3N POR UN A\u00d1O<\/p>\n<p>  <!--more-->  <\/p>\n<p>La Procuradur\u00eda General de Justicia del Estado de Hidalgo (PGJEH), obtuvo la vinculaci\u00f3n a proceso de un hombre por su presunta relaci\u00f3n en el robo de un autom\u00f3vil.<br \/>En el fraccionamiento \u201cLos Pinos\u201d en Tulancingo de Bravo, se encontraba estacionada una camioneta marca Nissan, color blanco, con placas de circulaci\u00f3n del Estado de M\u00e9xico y que fue sustra\u00edda.<br \/>La v\u00edctima y propietaria, al percatarse que su veh\u00edculo hab\u00eda sido robado, acudi\u00f3 a la Coordinaci\u00f3n de Investigaci\u00f3n y Recuperaci\u00f3n de Veh\u00edculos Robados de PGJEH, para iniciar la carpeta de investigaci\u00f3n correspondiente.<br \/>Por ello, el agente del Ministerio P\u00fablico, solicit\u00f3 las grabaciones de las c\u00e1maras de seguridad ubicadas en las inmediaciones del lugar, para localizar el veh\u00edculo robado, ubic\u00e1ndolo en la comunidad de Santa Mar\u00eda Asunci\u00f3n.<br \/>Con ayuda de polic\u00edas de investigaci\u00f3n, se logr\u00f3 el aseguramiento de A.O.D. quien portaba un objeto hechizo que presuntamente utilizaba para abrir veh\u00edculos, as\u00ed como llaves de diferentes marcas de veh\u00edculos.<br \/>El imputado qued\u00f3 a disposici\u00f3n del Ministerio P\u00fablico, quien lo present\u00f3 ante el Juez de control, que dict\u00f3 su vinculaci\u00f3n a proceso por el delito de robo de veh\u00edculo, dictando la medida cautelar de prisi\u00f3n preventiva justificada por un a\u00f1o.<\/p>\n","protected":false},"excerpt":{"rendered":"<p>LE DICTAN PRISI\u00d3N POR UN A\u00d1O<\/p>\n","protected":false},"author":93,"featured_media":0,"comment_status":"open","ping_status":"open","sticky":false,"template":"","format":"standard","meta":{"footnotes":""},"categories":[37],"tags":[],"class_list":["post-78001","post","type-post","status-publish","format-standard","hentry","category-barandilla"],"_links":{"self":[{"href":"https:\/\/plazajuarez.mx\/historico\/wp-json\/wp\/v2\/posts\/78001","targetHints":{"allow":["GET"]}}],"collection":[{"href":"https:\/\/plazajuarez.mx\/historico\/wp-json\/wp\/v2\/posts"}],"about":[{"href":"https:\/\/plazajuarez.mx\/historico\/wp-json\/wp\/v2\/types\/post"}],"author":[{"embeddable":true,"href":"https:\/\/plazajuarez.mx\/historico\/wp-json\/wp\/v2\/users\/93"}],"replies":[{"embeddable":true,"href":"https:\/\/plazajuarez.mx\/historico\/wp-json\/wp\/v2\/comments?post=78001"}],"version-history":[{"count":0,"href":"https:\/\/plazajuarez.mx\/historico\/wp-json\/wp\/v2\/posts\/78001\/revisions"}],"wp:attachment":[{"href":"https:\/\/plazajuarez.mx\/historico\/wp-json\/wp\/v2\/media?parent=78001"}],"wp:term":[{"taxonomy":"category","embeddable":true,"href":"https:\/\/plazajuarez.mx\/historico\/wp-json\/wp\/v2\/categories?post=78001"},{"taxonomy":"post_tag","embeddable":true,"href":"https:\/\/plazajuarez.mx\/historico\/wp-json\/wp\/v2\/tags?post=78001"}],"curies":[{"name":"wp","href":"https:\/\/api.w.org\/{rel}","templated":true}]}}